{"id":2606,"date":"2012-08-23T10:44:20","date_gmt":"2012-08-23T10:44:20","guid":{"rendered":"http:\/\/www.adavaveiro.org\/?p=2606"},"modified":"2012-09-16T19:45:58","modified_gmt":"2012-09-16T19:45:58","slug":"schoenstatt-ajuda-adav","status":"publish","type":"post","link":"https:\/\/www.adavaveiro.org\/?p=2606","title":{"rendered":"Schoenstatt ajuda ADAV"},"content":{"rendered":"<p>A ADAV nasceu para permitir nascer.<\/p>\n<p>Quando, em 21 de Julho de 2000, a Associa\u00e7\u00e3o de Defesa e Apoio da Vida (Aveiro) nasceu, o que unia os 30 s\u00f3cios fundadores era o enorme de desejo de dar uma resposta que tardava: apoiar fam\u00edlias e gr\u00e1vidas que, pela sua particular fragilidade, se viam em dificuldade para garantir o nascimento dos seus descendentes. As circunst\u00e2ncias exigiam esta resposta, pois, ap\u00f3s o referendo de 1998, o pa\u00eds revelava precisar de respostas articuladas, capazes de garantir os apoios a todos os que reconheciam que o aborto n\u00e3o era solu\u00e7\u00e3o.<\/p>\n<p>De ent\u00e3o para c\u00e1, todo o apoio prestado pela ADAV tem sido poss\u00edvel com o contributo de muitos, pessoas e institui\u00e7\u00f5es que reconhecem que cada nascituro merece todo o esfor\u00e7o e dedica\u00e7\u00e3o, seja qual for a sua origem e condi\u00e7\u00e3o.<\/p>\n<p><a href=\"http:\/\/www.adavaveiro.org\/?attachment_id=2609\" rel=\"attachment wp-att-2609\"><img loading=\"lazy\" decoding=\"async\" class=\"aligncenter size-thumbnail wp-image-2609\" title=\"Schoenstatt ajuda ADAV\" src=\"http:\/\/www.adavaveiro.org\/wp-content\/uploads\/2012\/08\/Schoenstatt-ajuda-ADAV-260x195.jpg\" alt=\"\" width=\"260\" height=\"195\" srcset=\"https:\/\/www.adavaveiro.org\/wp-content\/uploads\/2012\/08\/Schoenstatt-ajuda-ADAV-260x195.jpg 260w, https:\/\/www.adavaveiro.org\/wp-content\/uploads\/2012\/08\/Schoenstatt-ajuda-ADAV-300x225.jpg 300w, https:\/\/www.adavaveiro.org\/wp-content\/uploads\/2012\/08\/Schoenstatt-ajuda-ADAV.jpg 648w\" sizes=\"auto, (max-width: 260px) 100vw, 260px\" \/><\/a><\/p>\n<p>De entre as institui\u00e7\u00f5es que t\u00eam apoiado a ADAV merece refer\u00eancia o movimento apost\u00f3lico de <a href=\"http:\/\/schoenstatt50aveiro.blogspot.pt\/2012\/07\/schoenstatt-ajuda-adav.html\" target=\"_blank\">Schoenstatt<\/a>, atrav\u00e9s da sua comunidade situada na diocese de Aveiro, que, nos \u00faltimos dois anos, tem promovido iniciativas e mobilizado os seus membros no sentido de contribuir com bens e apoios que melhoraram o servi\u00e7o prestado por esta associa\u00e7\u00e3o.<\/p>\n<p>Com a ajuda de muitos, a ADAV tem permitido que, em cada ano, mais de 100 fam\u00edlias beneficiem dos seus apoios que tornam poss\u00edvel nascer e nascer melhor.<\/p>\n","protected":false},"excerpt":{"rendered":"<p>A ADAV nasceu para permitir nascer. Quando, em 21 de Julho de 2000, a Associa\u00e7\u00e3o de Defesa e Apoio da Vida (Aveiro) nasceu, o que unia os 30 s\u00f3cios fundadores era o enorme de desejo de dar uma resposta que &hellip; <a href=\"https:\/\/www.adavaveiro.org\/?p=2606\">Continuar a ler <span class=\"meta-nav\">&rarr;<\/span><\/a><\/p>\n","protected":false},"author":1,"featured_media":0,"comment_status":"closed","ping_status":"open","sticky":false,"template":"","format":"standard","meta":{"footnotes":""},"categories":[13],"tags":[],"class_list":["post-2606","post","type-post","status-publish","format-standard","hentry","category-colaborar"],"_links":{"self":[{"href":"https:\/\/www.adavaveiro.org\/index.php?rest_route=\/wp\/v2\/posts\/2606","targetHints":{"allow":["GET"]}}],"collection":[{"href":"https:\/\/www.adavaveiro.org\/index.php?rest_route=\/wp\/v2\/posts"}],"about":[{"href":"https:\/\/www.adavaveiro.org\/index.php?rest_route=\/wp\/v2\/types\/post"}],"author":[{"embeddable":true,"href":"https:\/\/www.adavaveiro.org\/index.php?rest_route=\/wp\/v2\/users\/1"}],"replies":[{"embeddable":true,"href":"https:\/\/www.adavaveiro.org\/index.php?rest_route=%2Fwp%2Fv2%2Fcomments&post=2606"}],"version-history":[{"count":5,"href":"https:\/\/www.adavaveiro.org\/index.php?rest_route=\/wp\/v2\/posts\/2606\/revisions"}],"predecessor-version":[{"id":2608,"href":"https:\/\/www.adavaveiro.org\/index.php?rest_route=\/wp\/v2\/posts\/2606\/revisions\/2608"}],"wp:attachment":[{"href":"https:\/\/www.adavaveiro.org\/index.php?rest_route=%2Fwp%2Fv2%2Fmedia&parent=2606"}],"wp:term":[{"taxonomy":"category","embeddable":true,"href":"https:\/\/www.adavaveiro.org\/index.php?rest_route=%2Fwp%2Fv2%2Fcategories&post=2606"},{"taxonomy":"post_tag","embeddable":true,"href":"https:\/\/www.adavaveiro.org\/index.php?rest_route=%2Fwp%2Fv2%2Ftags&post=2606"}],"curies":[{"name":"wp","href":"https:\/\/api.w.org\/{rel}","templated":true}]}}