{"id":2619,"date":"2012-09-16T19:54:35","date_gmt":"2012-09-16T19:54:35","guid":{"rendered":"http:\/\/www.adavaveiro.org\/?p=2619"},"modified":"2012-10-21T07:50:04","modified_gmt":"2012-10-21T07:50:04","slug":"de-novo","status":"publish","type":"post","link":"https:\/\/www.adavaveiro.org\/?p=2619","title":{"rendered":"de novo"},"content":{"rendered":"<p><a href=\"http:\/\/www.adavaveiro.org\/?attachment_id=2620\" rel=\"attachment wp-att-2620\"><img loading=\"lazy\" decoding=\"async\" class=\"aligncenter size-thumbnail wp-image-2620\" title=\"fraldas\" src=\"http:\/\/www.adavaveiro.org\/wp-content\/uploads\/2012\/09\/fraldas-260x208.jpg\" alt=\"\" width=\"260\" height=\"208\" srcset=\"https:\/\/www.adavaveiro.org\/wp-content\/uploads\/2012\/09\/fraldas-260x208.jpg 260w, https:\/\/www.adavaveiro.org\/wp-content\/uploads\/2012\/09\/fraldas.jpg 300w\" sizes=\"auto, (max-width: 260px) 100vw, 260px\" \/><\/a><\/p>\n<p>A ADAV continua a prestar apoio a muitas fam\u00edlias e seus beb\u00e9s.<\/p>\n<p>Continuamos a precisar de carrinhos e outro material necess\u00e1rio para os primeiros anos de vida de cada crian\u00e7a.<\/p>\n<p>Caso queira colaborar, n\u00e3o hesite em enviar-nos um email ou em visitar-nos na sede, no Mercado de Santiago, durante todas as manh\u00e3s.<\/p>\n<p>Agradecemos os emails que nos t\u00eam enviado e os donativos que nos fazem chegar.<\/p>\n","protected":false},"excerpt":{"rendered":"<p>A ADAV continua a prestar apoio a muitas fam\u00edlias e seus beb\u00e9s. Continuamos a precisar de carrinhos e outro material necess\u00e1rio para os primeiros anos de vida de cada crian\u00e7a. Caso queira colaborar, n\u00e3o hesite em enviar-nos um email ou &hellip; <a href=\"https:\/\/www.adavaveiro.org\/?p=2619\">Continuar a ler <span class=\"meta-nav\">&rarr;<\/span><\/a><\/p>\n","protected":false},"author":1,"featured_media":0,"comment_status":"closed","ping_status":"closed","sticky":false,"template":"","format":"standard","meta":{"footnotes":""},"categories":[13],"tags":[],"class_list":["post-2619","post","type-post","status-publish","format-standard","hentry","category-colaborar"],"_links":{"self":[{"href":"https:\/\/www.adavaveiro.org\/index.php?rest_route=\/wp\/v2\/posts\/2619","targetHints":{"allow":["GET"]}}],"collection":[{"href":"https:\/\/www.adavaveiro.org\/index.php?rest_route=\/wp\/v2\/posts"}],"about":[{"href":"https:\/\/www.adavaveiro.org\/index.php?rest_route=\/wp\/v2\/types\/post"}],"author":[{"embeddable":true,"href":"https:\/\/www.adavaveiro.org\/index.php?rest_route=\/wp\/v2\/users\/1"}],"replies":[{"embeddable":true,"href":"https:\/\/www.adavaveiro.org\/index.php?rest_route=%2Fwp%2Fv2%2Fcomments&post=2619"}],"version-history":[{"count":2,"href":"https:\/\/www.adavaveiro.org\/index.php?rest_route=\/wp\/v2\/posts\/2619\/revisions"}],"predecessor-version":[{"id":2688,"href":"https:\/\/www.adavaveiro.org\/index.php?rest_route=\/wp\/v2\/posts\/2619\/revisions\/2688"}],"wp:attachment":[{"href":"https:\/\/www.adavaveiro.org\/index.php?rest_route=%2Fwp%2Fv2%2Fmedia&parent=2619"}],"wp:term":[{"taxonomy":"category","embeddable":true,"href":"https:\/\/www.adavaveiro.org\/index.php?rest_route=%2Fwp%2Fv2%2Fcategories&post=2619"},{"taxonomy":"post_tag","embeddable":true,"href":"https:\/\/www.adavaveiro.org\/index.php?rest_route=%2Fwp%2Fv2%2Ftags&post=2619"}],"curies":[{"name":"wp","href":"https:\/\/api.w.org\/{rel}","templated":true}]}}