{"id":2622,"date":"2012-09-16T20:00:48","date_gmt":"2012-09-16T20:00:48","guid":{"rendered":"http:\/\/www.adavaveiro.org\/?p=2622"},"modified":"2021-12-20T10:58:39","modified_gmt":"2021-12-20T10:58:39","slug":"pensar-a-vida","status":"publish","type":"post","link":"https:\/\/www.adavaveiro.org\/?p=2622","title":{"rendered":"pensar a vida"},"content":{"rendered":"<p><a href=\"http:\/\/www.adavaveiro.org\/?attachment_id=2667\" rel=\"attachment wp-att-2667\"><img loading=\"lazy\" decoding=\"async\" class=\"aligncenter size-full wp-image-2667\" title=\"pensar\" src=\"http:\/\/www.adavaveiro.org\/wp-content\/uploads\/2012\/09\/pensar.gif\" alt=\"\" width=\"207\" height=\"227\"><\/a><\/p>\n<p>Pelo testemunho vital, o cidad\u00e3o pode decidir previamente que tratamentos deseja ou n\u00e3o receber, no caso de se encontrar&nbsp; incapaz de expressar a sua vontade. Esta lei merece cr\u00edticas e reservas.<br \/>\nCom a lei 25\/2012, de 16 de julho, que entrou em vigor a 16 de agosto, passou a existir, em Portugal, a possibilidade de expressar, antecipadamente, a vontade sobre os tratamentos que se \u00abdeseja receber, ou n\u00e3o deseja receber, no caso de, por qualquer raz\u00e3o, se encontrar incapaz de expressar a sua vontade pessoal e autonomamente\u00bb.<\/p>\n<p>Leia o artigo completo<a title=\"Testamento vital\" href=\"http:\/\/www.adavaveiro.org\/?page_id=2624\"> aqui<\/a><\/p>\n","protected":false},"excerpt":{"rendered":"<p>Pelo testemunho vital, o cidad\u00e3o pode decidir previamente que tratamentos deseja ou n\u00e3o receber, no caso de se encontrar&nbsp; incapaz de expressar a sua vontade. Esta lei merece cr\u00edticas e reservas. Com a lei 25\/2012, de 16 de julho, que &hellip; <a href=\"https:\/\/www.adavaveiro.org\/?p=2622\">Continuar a ler <span class=\"meta-nav\">&rarr;<\/span><\/a><\/p>\n","protected":false},"author":1,"featured_media":0,"comment_status":"closed","ping_status":"closed","sticky":false,"template":"","format":"standard","meta":{"footnotes":""},"categories":[24],"tags":[],"class_list":["post-2622","post","type-post","status-publish","format-standard","hentry","category-formacao"],"_links":{"self":[{"href":"https:\/\/www.adavaveiro.org\/index.php?rest_route=\/wp\/v2\/posts\/2622","targetHints":{"allow":["GET"]}}],"collection":[{"href":"https:\/\/www.adavaveiro.org\/index.php?rest_route=\/wp\/v2\/posts"}],"about":[{"href":"https:\/\/www.adavaveiro.org\/index.php?rest_route=\/wp\/v2\/types\/post"}],"author":[{"embeddable":true,"href":"https:\/\/www.adavaveiro.org\/index.php?rest_route=\/wp\/v2\/users\/1"}],"replies":[{"embeddable":true,"href":"https:\/\/www.adavaveiro.org\/index.php?rest_route=%2Fwp%2Fv2%2Fcomments&post=2622"}],"version-history":[{"count":12,"href":"https:\/\/www.adavaveiro.org\/index.php?rest_route=\/wp\/v2\/posts\/2622\/revisions"}],"predecessor-version":[{"id":3868,"href":"https:\/\/www.adavaveiro.org\/index.php?rest_route=\/wp\/v2\/posts\/2622\/revisions\/3868"}],"wp:attachment":[{"href":"https:\/\/www.adavaveiro.org\/index.php?rest_route=%2Fwp%2Fv2%2Fmedia&parent=2622"}],"wp:term":[{"taxonomy":"category","embeddable":true,"href":"https:\/\/www.adavaveiro.org\/index.php?rest_route=%2Fwp%2Fv2%2Fcategories&post=2622"},{"taxonomy":"post_tag","embeddable":true,"href":"https:\/\/www.adavaveiro.org\/index.php?rest_route=%2Fwp%2Fv2%2Ftags&post=2622"}],"curies":[{"name":"wp","href":"https:\/\/api.w.org\/{rel}","templated":true}]}}