{"id":2645,"date":"2012-09-19T19:36:52","date_gmt":"2012-09-19T19:36:52","guid":{"rendered":"http:\/\/www.adavaveiro.org\/?p=2645"},"modified":"2021-12-20T10:59:35","modified_gmt":"2021-12-20T10:59:35","slug":"manual-de-bioetica-para-jovens","status":"publish","type":"post","link":"https:\/\/www.adavaveiro.org\/?p=2645","title":{"rendered":"Manual de Bio\u00e9tica para Jovens"},"content":{"rendered":"<p style=\"text-align: center;\"><span style=\"color: #000000;\">Interessante! Aqui fica o convite para quem se puder deslocar ao lan\u00e7amento ou a uma livraria mais pr\u00f3xima!!!<\/span><\/p>\n\n\t\t<style type=\"text\/css\">\n\t\t\t#gallery-1 {\n\t\t\t\tmargin: auto;\n\t\t\t}\n\t\t\t#gallery-1 .gallery-item {\n\t\t\t\tfloat: left;\n\t\t\t\tmargin-top: 10px;\n\t\t\t\ttext-align: center;\n\t\t\t\twidth: 100%;\n\t\t\t}\n\t\t\t#gallery-1 img {\n\t\t\t\tborder: 2px solid #cfcfcf;\n\t\t\t}\n\t\t\t#gallery-1 .gallery-caption {\n\t\t\t\tmargin-left: 0;\n\t\t\t}\n\t\t\t\/* see gallery_shortcode() in wp-includes\/media.php *\/\n\t\t<\/style>\n\t\t<div id='gallery-1' class='gallery galleryid-2645 gallery-columns-1 gallery-size-thumbnail'><dl class='gallery-item'>\n\t\t\t<dt class='gallery-icon landscape'>\n\t\t\t\t<a href='https:\/\/www.adavaveiro.org\/wp-content\/uploads\/2012\/09\/Manual-de-Bioetica_INDICE.jpg'><img loading=\"lazy\" decoding=\"async\" width=\"260\" height=\"195\" src=\"https:\/\/www.adavaveiro.org\/wp-content\/uploads\/2012\/09\/Manual-de-Bioetica_INDICE-260x195.jpg\" class=\"attachment-thumbnail size-thumbnail\" alt=\"\" srcset=\"https:\/\/www.adavaveiro.org\/wp-content\/uploads\/2012\/09\/Manual-de-Bioetica_INDICE-260x195.jpg 260w, https:\/\/www.adavaveiro.org\/wp-content\/uploads\/2012\/09\/Manual-de-Bioetica_INDICE-300x225.jpg 300w, https:\/\/www.adavaveiro.org\/wp-content\/uploads\/2012\/09\/Manual-de-Bioetica_INDICE.jpg 960w\" sizes=\"auto, (max-width: 260px) 100vw, 260px\" \/><\/a>\n\t\t\t<\/dt><\/dl><br style=\"clear: both\" \/><dl class='gallery-item'>\n\t\t\t<dt class='gallery-icon landscape'>\n\t\t\t\t<a href='https:\/\/www.adavaveiro.org\/wp-content\/uploads\/2012\/09\/Manual-de-Bioetica_CAPA.jpg'><img loading=\"lazy\" decoding=\"async\" width=\"260\" height=\"195\" src=\"https:\/\/www.adavaveiro.org\/wp-content\/uploads\/2012\/09\/Manual-de-Bioetica_CAPA-260x195.jpg\" class=\"attachment-thumbnail size-thumbnail\" alt=\"\" srcset=\"https:\/\/www.adavaveiro.org\/wp-content\/uploads\/2012\/09\/Manual-de-Bioetica_CAPA-260x195.jpg 260w, https:\/\/www.adavaveiro.org\/wp-content\/uploads\/2012\/09\/Manual-de-Bioetica_CAPA-300x225.jpg 300w, https:\/\/www.adavaveiro.org\/wp-content\/uploads\/2012\/09\/Manual-de-Bioetica_CAPA.jpg 480w\" sizes=\"auto, (max-width: 260px) 100vw, 260px\" \/><\/a>\n\t\t\t<\/dt><\/dl><br style=\"clear: both\" \/><dl class='gallery-item'>\n\t\t\t<dt class='gallery-icon landscape'>\n\t\t\t\t<a href='https:\/\/www.adavaveiro.org\/wp-content\/uploads\/2012\/09\/indice2.jpg'><img loading=\"lazy\" decoding=\"async\" width=\"260\" height=\"151\" src=\"https:\/\/www.adavaveiro.org\/wp-content\/uploads\/2012\/09\/indice2-260x151.jpg\" class=\"attachment-thumbnail size-thumbnail\" alt=\"\" srcset=\"https:\/\/www.adavaveiro.org\/wp-content\/uploads\/2012\/09\/indice2-260x151.jpg 260w, https:\/\/www.adavaveiro.org\/wp-content\/uploads\/2012\/09\/indice2-300x175.jpg 300w, https:\/\/www.adavaveiro.org\/wp-content\/uploads\/2012\/09\/indice2.jpg 468w\" sizes=\"auto, (max-width: 260px) 100vw, 260px\" \/><\/a>\n\t\t\t<\/dt><\/dl><br style=\"clear: both\" \/>\n\t\t<\/div>\n\n<p><span>BRAGA: dia 20 de Setembro<\/span>, 5\u00aa feira, \u00e0s 17h30, na Livraria &#8220;100\u00ba P\u00e1gina&#8221;, com Jos\u00e9 Carlos Miranda<\/p>\n<p><span>PORTO: dia 26 de Setembro<\/span>, 4\u00aa feira, \u00e0s 18h30, na Funda\u00e7\u00e3o Eng. Ant\u00f3nio de Almeida, com Walter Osswald e Ant\u00f3nio Lobo Xavier<\/p>\n<p><span>COIMBRA: dia 3 de Outubro<\/span>, 4\u00aa feira, \u00e0s 18h30, na Casa da Cultura, com Ana Maria Ramalheira e Henrique Vila\u00e7a Ramos<\/p>\n","protected":false},"excerpt":{"rendered":"<p>Interessante! Aqui fica o convite para quem se puder deslocar ao lan\u00e7amento ou a uma livraria mais pr\u00f3xima!!! BRAGA: dia 20 de Setembro, 5\u00aa feira, \u00e0s 17h30, na Livraria &#8220;100\u00ba P\u00e1gina&#8221;, com Jos\u00e9 Carlos Miranda PORTO: dia 26 de Setembro, &hellip; <a href=\"https:\/\/www.adavaveiro.org\/?p=2645\">Continuar a ler <span class=\"meta-nav\">&rarr;<\/span><\/a><\/p>\n","protected":false},"author":1,"featured_media":0,"comment_status":"closed","ping_status":"closed","sticky":false,"template":"","format":"standard","meta":{"footnotes":""},"categories":[24],"tags":[],"class_list":["post-2645","post","type-post","status-publish","format-standard","hentry","category-formacao"],"_links":{"self":[{"href":"https:\/\/www.adavaveiro.org\/index.php?rest_route=\/wp\/v2\/posts\/2645","targetHints":{"allow":["GET"]}}],"collection":[{"href":"https:\/\/www.adavaveiro.org\/index.php?rest_route=\/wp\/v2\/posts"}],"about":[{"href":"https:\/\/www.adavaveiro.org\/index.php?rest_route=\/wp\/v2\/types\/post"}],"author":[{"embeddable":true,"href":"https:\/\/www.adavaveiro.org\/index.php?rest_route=\/wp\/v2\/users\/1"}],"replies":[{"embeddable":true,"href":"https:\/\/www.adavaveiro.org\/index.php?rest_route=%2Fwp%2Fv2%2Fcomments&post=2645"}],"version-history":[{"count":18,"href":"https:\/\/www.adavaveiro.org\/index.php?rest_route=\/wp\/v2\/posts\/2645\/revisions"}],"predecessor-version":[{"id":2683,"href":"https:\/\/www.adavaveiro.org\/index.php?rest_route=\/wp\/v2\/posts\/2645\/revisions\/2683"}],"wp:attachment":[{"href":"https:\/\/www.adavaveiro.org\/index.php?rest_route=%2Fwp%2Fv2%2Fmedia&parent=2645"}],"wp:term":[{"taxonomy":"category","embeddable":true,"href":"https:\/\/www.adavaveiro.org\/index.php?rest_route=%2Fwp%2Fv2%2Fcategories&post=2645"},{"taxonomy":"post_tag","embeddable":true,"href":"https:\/\/www.adavaveiro.org\/index.php?rest_route=%2Fwp%2Fv2%2Ftags&post=2645"}],"curies":[{"name":"wp","href":"https:\/\/api.w.org\/{rel}","templated":true}]}}