{"id":2674,"date":"2012-10-07T16:42:03","date_gmt":"2012-10-07T16:42:03","guid":{"rendered":"http:\/\/www.adavaveiro.org\/?p=2674"},"modified":"2012-11-05T21:08:55","modified_gmt":"2012-11-05T21:08:55","slug":"portugal-vai-adoptar-novas-curvas-de-crescimento-para-bebes-e-criancas","status":"publish","type":"post","link":"https:\/\/www.adavaveiro.org\/?p=2674","title":{"rendered":"Portugal vai adoptar novas curvas de crescimento para beb\u00e9s e crian\u00e7as"},"content":{"rendered":"<p><a href=\"http:\/\/www.adavaveiro.org\/?attachment_id=2680\" rel=\"attachment wp-att-2680\"><img loading=\"lazy\" decoding=\"async\" class=\"aligncenter size-thumbnail wp-image-2680\" title=\"bebe_papa\" src=\"http:\/\/www.adavaveiro.org\/wp-content\/uploads\/2012\/10\/bebe_papa-260x195.jpg\" alt=\"\" width=\"260\" height=\"195\" srcset=\"https:\/\/www.adavaveiro.org\/wp-content\/uploads\/2012\/10\/bebe_papa-260x195.jpg 260w, https:\/\/www.adavaveiro.org\/wp-content\/uploads\/2012\/10\/bebe_papa-300x225.jpg 300w, https:\/\/www.adavaveiro.org\/wp-content\/uploads\/2012\/10\/bebe_papa-1024x768.jpg 1024w, https:\/\/www.adavaveiro.org\/wp-content\/uploads\/2012\/10\/bebe_papa.jpg 1600w\" sizes=\"auto, (max-width: 260px) 100vw, 260px\" \/><\/a><\/p>\n<p>Os beb\u00e9s nascidos em 2013 em Portugal v\u00e3o receber uma nova vers\u00e3o dos boletins individuais de sa\u00fade. Entre outras altera\u00e7\u00f5es, o caderno azul ou cor-de-rosa ser\u00e1 diferente nas p\u00e1ginas reservadas para as \u201ctabelas de percentis\u201d que servem de refer\u00eancia para monitorizar o desenvolvimento de beb\u00e9s, crian\u00e7as e adolescentes portugueses. A substitui\u00e7\u00e3o das actuais curvas de crescimento pelos padr\u00f5es defendidos pela Organiza\u00e7\u00e3o Mundial de Sa\u00fade (OMS) est\u00e1 prevista no Programa Nacional de Sa\u00fade Infantil e Juvenil.<\/p>\n<p>(&#8230;)<\/p>\n<p>O presidente da Sociedade Portuguesa de Pediatria deixa um exemplo das diferen\u00e7as que podemos encontrar entre as actuais e as futuras \u201ctabelas de percentis\u201d: de acordo com os especialistas, os beb\u00e9s alimentados apenas com leite materno crescem mais nos primeiros quatro\/seis meses, mas sofrem depois uma desacelera\u00e7\u00e3o do ritmo de crescimento. Essa \u201cnatural\u201d desacelera\u00e7\u00e3o n\u00e3o est\u00e1 prevista nas curvas de crescimento do CDC, o que muitas vezes pode fazer com que se introduza suplementos como o leite artificial ou a papa na dieta do beb\u00e9. Um erro, de acordo com a opini\u00e3o de muitos especialistas. As curvas da OMS prev\u00eaem j\u00e1 essa desacelera\u00e7\u00e3o \u201cnatural\u201d. Por outro lado, Ant\u00f3nio Guerra nota ainda que as curvas de crescimento da OMS v\u00e3o tamb\u00e9m melhorar a detec\u00e7\u00e3o de situa\u00e7\u00f5es de obesidade, que actualmente \u00e9 um dos problemas mais preocupantes da sa\u00fade infantil e juvenil portuguesa.<\/p>\n<p>Ver artigo completo no <a href=\"http:\/\/www.publico.pt\/Sociedade\/portugal-vai-adoptar-novas-curvas-de-crescimento-para-bebes-e-criancas-1566206?all=1\" target=\"_blank\">P\u00fablico<\/a> ou <a href=\"http:\/\/www.adavaveiro.org\/?page_id=2677\">AQUI<\/a><\/p>\n","protected":false},"excerpt":{"rendered":"<p>Os beb\u00e9s nascidos em 2013 em Portugal v\u00e3o receber uma nova vers\u00e3o dos boletins individuais de sa\u00fade. Entre outras altera\u00e7\u00f5es, o caderno azul ou cor-de-rosa ser\u00e1 diferente nas p\u00e1ginas reservadas para as \u201ctabelas de percentis\u201d que servem de refer\u00eancia para &hellip; <a href=\"https:\/\/www.adavaveiro.org\/?p=2674\">Continuar a ler <span class=\"meta-nav\">&rarr;<\/span><\/a><\/p>\n","protected":false},"author":1,"featured_media":0,"comment_status":"closed","ping_status":"closed","sticky":false,"template":"","format":"standard","meta":{"footnotes":""},"categories":[20],"tags":[],"class_list":["post-2674","post","type-post","status-publish","format-standard","hentry","category-informacao"],"_links":{"self":[{"href":"https:\/\/www.adavaveiro.org\/index.php?rest_route=\/wp\/v2\/posts\/2674","targetHints":{"allow":["GET"]}}],"collection":[{"href":"https:\/\/www.adavaveiro.org\/index.php?rest_route=\/wp\/v2\/posts"}],"about":[{"href":"https:\/\/www.adavaveiro.org\/index.php?rest_route=\/wp\/v2\/types\/post"}],"author":[{"embeddable":true,"href":"https:\/\/www.adavaveiro.org\/index.php?rest_route=\/wp\/v2\/users\/1"}],"replies":[{"embeddable":true,"href":"https:\/\/www.adavaveiro.org\/index.php?rest_route=%2Fwp%2Fv2%2Fcomments&post=2674"}],"version-history":[{"count":7,"href":"https:\/\/www.adavaveiro.org\/index.php?rest_route=\/wp\/v2\/posts\/2674\/revisions"}],"predecessor-version":[{"id":2712,"href":"https:\/\/www.adavaveiro.org\/index.php?rest_route=\/wp\/v2\/posts\/2674\/revisions\/2712"}],"wp:attachment":[{"href":"https:\/\/www.adavaveiro.org\/index.php?rest_route=%2Fwp%2Fv2%2Fmedia&parent=2674"}],"wp:term":[{"taxonomy":"category","embeddable":true,"href":"https:\/\/www.adavaveiro.org\/index.php?rest_route=%2Fwp%2Fv2%2Fcategories&post=2674"},{"taxonomy":"post_tag","embeddable":true,"href":"https:\/\/www.adavaveiro.org\/index.php?rest_route=%2Fwp%2Fv2%2Ftags&post=2674"}],"curies":[{"name":"wp","href":"https:\/\/api.w.org\/{rel}","templated":true}]}}