{"id":2689,"date":"2012-10-21T07:56:04","date_gmt":"2012-10-21T07:56:04","guid":{"rendered":"http:\/\/www.adavaveiro.org\/?p=2689"},"modified":"2012-11-05T21:08:47","modified_gmt":"2012-11-05T21:08:47","slug":"apresentacao-em-aveiro","status":"publish","type":"post","link":"https:\/\/www.adavaveiro.org\/?p=2689","title":{"rendered":"apresenta\u00e7\u00e3o em AVEIRO &#8211; APARE\u00c7A!"},"content":{"rendered":"<p style=\"text-align: center;\"><a href=\"http:\/\/www.adavaveiro.org\/?attachment_id=2690\" rel=\"attachment wp-att-2690\"><img loading=\"lazy\" decoding=\"async\" class=\"aligncenter size-thumbnail wp-image-2690\" title=\"manual_BIOETICA_jovens\" src=\"http:\/\/www.adavaveiro.org\/wp-content\/uploads\/2012\/10\/manual_BIOETICA_jovens-183x260.jpg\" alt=\"\" width=\"183\" height=\"260\" srcset=\"https:\/\/www.adavaveiro.org\/wp-content\/uploads\/2012\/10\/manual_BIOETICA_jovens-183x260.jpg 183w, https:\/\/www.adavaveiro.org\/wp-content\/uploads\/2012\/10\/manual_BIOETICA_jovens-212x300.jpg 212w, https:\/\/www.adavaveiro.org\/wp-content\/uploads\/2012\/10\/manual_BIOETICA_jovens.jpg 438w\" sizes=\"auto, (max-width: 183px) 100vw, 183px\" \/><\/a><\/p>\n<p style=\"text-align: center;\"><span style=\"color: #008080;\">Biblioteca Municipal de Aveiro<\/span><\/p>\n<p style=\"text-align: center;\"><span style=\"color: #008080;\">24 de outubro | quarta-feira | 18horas<\/span><\/p>\n<p style=\"text-align: center;\"><span style=\"color: #008080;\">Manual de Bio\u00e9tica para jovens<\/span><\/p>\n<p style=\"text-align: center;\"><span style=\"color: #ff6600;\"><strong>IMPORTANTE PARA TODAS AS IDADES<\/strong><\/span><\/p>\n","protected":false},"excerpt":{"rendered":"<p>Biblioteca Municipal de Aveiro 24 de outubro | quarta-feira | 18horas Manual de Bio\u00e9tica para jovens IMPORTANTE PARA TODAS AS IDADES<\/p>\n","protected":false},"author":1,"featured_media":0,"comment_status":"closed","ping_status":"open","sticky":false,"template":"","format":"standard","meta":{"footnotes":""},"categories":[24,20],"tags":[],"class_list":["post-2689","post","type-post","status-publish","format-standard","hentry","category-formacao","category-informacao"],"_links":{"self":[{"href":"https:\/\/www.adavaveiro.org\/index.php?rest_route=\/wp\/v2\/posts\/2689","targetHints":{"allow":["GET"]}}],"collection":[{"href":"https:\/\/www.adavaveiro.org\/index.php?rest_route=\/wp\/v2\/posts"}],"about":[{"href":"https:\/\/www.adavaveiro.org\/index.php?rest_route=\/wp\/v2\/types\/post"}],"author":[{"embeddable":true,"href":"https:\/\/www.adavaveiro.org\/index.php?rest_route=\/wp\/v2\/users\/1"}],"replies":[{"embeddable":true,"href":"https:\/\/www.adavaveiro.org\/index.php?rest_route=%2Fwp%2Fv2%2Fcomments&post=2689"}],"version-history":[{"count":5,"href":"https:\/\/www.adavaveiro.org\/index.php?rest_route=\/wp\/v2\/posts\/2689\/revisions"}],"predecessor-version":[{"id":2711,"href":"https:\/\/www.adavaveiro.org\/index.php?rest_route=\/wp\/v2\/posts\/2689\/revisions\/2711"}],"wp:attachment":[{"href":"https:\/\/www.adavaveiro.org\/index.php?rest_route=%2Fwp%2Fv2%2Fmedia&parent=2689"}],"wp:term":[{"taxonomy":"category","embeddable":true,"href":"https:\/\/www.adavaveiro.org\/index.php?rest_route=%2Fwp%2Fv2%2Fcategories&post=2689"},{"taxonomy":"post_tag","embeddable":true,"href":"https:\/\/www.adavaveiro.org\/index.php?rest_route=%2Fwp%2Fv2%2Ftags&post=2689"}],"curies":[{"name":"wp","href":"https:\/\/api.w.org\/{rel}","templated":true}]}}