{"id":2696,"date":"2012-10-23T06:52:31","date_gmt":"2012-10-23T06:52:31","guid":{"rendered":"http:\/\/www.adavaveiro.org\/?p=2696"},"modified":"2021-12-20T10:59:10","modified_gmt":"2021-12-20T10:59:10","slug":"assembleia-geral-3","status":"publish","type":"post","link":"https:\/\/www.adavaveiro.org\/?p=2696","title":{"rendered":"ASSEMBLEIA GERAL"},"content":{"rendered":"<p style=\"text-align: center;\"><strong><span style=\"color: #800000;\"><strong>29 de outubro de 2012 &#8211; 21horas &#8211; SEDE da ADAV AVEIRO<\/strong><a href=\"http:\/\/www.adavaveiro.org\/?attachment_id=2701\" rel=\"attachment wp-att-2701\"><img loading=\"lazy\" decoding=\"async\" class=\"aligncenter  wp-image-2701\" title=\"leitura-criancas-lendo-ilustracao\" src=\"http:\/\/www.adavaveiro.org\/wp-content\/uploads\/2012\/10\/leitura-criancas-lendo-ilustracao-260x219.jpg\" alt=\"\" width=\"169\" height=\"142\" srcset=\"https:\/\/www.adavaveiro.org\/wp-content\/uploads\/2012\/10\/leitura-criancas-lendo-ilustracao-260x219.jpg 260w, https:\/\/www.adavaveiro.org\/wp-content\/uploads\/2012\/10\/leitura-criancas-lendo-ilustracao-300x253.jpg 300w, https:\/\/www.adavaveiro.org\/wp-content\/uploads\/2012\/10\/leitura-criancas-lendo-ilustracao.jpg 716w\" sizes=\"auto, (max-width: 169px) 100vw, 169px\" \/><\/a><\/span><\/strong><\/p>\n<p style=\"text-align: left;\"><strong>ORDEM DE TRABALHOS<\/strong><\/p>\n<p><strong>1. Ler e aprovar a ata da \u00faltima Assembleia Geral<\/strong><br \/>\n<strong>2. Apreciar,discutir e votar o Plano de Atividades e Or\u00e7amento elaborado pela Dire\u00e7\u00e3o para o ano de 2013.<\/strong><br \/>\n<strong>3. Eleger os \u00d3rg\u00e3os Sociais para o Tri\u00e9nio de 2012\/15<\/strong><br \/>\n<strong>4. Tratar de outros assuntos de interesse para a Associa\u00e7\u00e3o<\/strong><\/p>\n","protected":false},"excerpt":{"rendered":"<p>29 de outubro de 2012 &#8211; 21horas &#8211; SEDE da ADAV AVEIRO ORDEM DE TRABALHOS 1. Ler e aprovar a ata da \u00faltima Assembleia Geral 2. Apreciar,discutir e votar o Plano de Atividades e Or\u00e7amento elaborado pela Dire\u00e7\u00e3o para o &hellip; <a href=\"https:\/\/www.adavaveiro.org\/?p=2696\">Continuar a ler <span class=\"meta-nav\">&rarr;<\/span><\/a><\/p>\n","protected":false},"author":1,"featured_media":0,"comment_status":"closed","ping_status":"closed","sticky":false,"template":"","format":"standard","meta":{"footnotes":""},"categories":[20],"tags":[],"class_list":["post-2696","post","type-post","status-publish","format-standard","hentry","category-informacao"],"_links":{"self":[{"href":"https:\/\/www.adavaveiro.org\/index.php?rest_route=\/wp\/v2\/posts\/2696","targetHints":{"allow":["GET"]}}],"collection":[{"href":"https:\/\/www.adavaveiro.org\/index.php?rest_route=\/wp\/v2\/posts"}],"about":[{"href":"https:\/\/www.adavaveiro.org\/index.php?rest_route=\/wp\/v2\/types\/post"}],"author":[{"embeddable":true,"href":"https:\/\/www.adavaveiro.org\/index.php?rest_route=\/wp\/v2\/users\/1"}],"replies":[{"embeddable":true,"href":"https:\/\/www.adavaveiro.org\/index.php?rest_route=%2Fwp%2Fv2%2Fcomments&post=2696"}],"version-history":[{"count":9,"href":"https:\/\/www.adavaveiro.org\/index.php?rest_route=\/wp\/v2\/posts\/2696\/revisions"}],"predecessor-version":[{"id":3870,"href":"https:\/\/www.adavaveiro.org\/index.php?rest_route=\/wp\/v2\/posts\/2696\/revisions\/3870"}],"wp:attachment":[{"href":"https:\/\/www.adavaveiro.org\/index.php?rest_route=%2Fwp%2Fv2%2Fmedia&parent=2696"}],"wp:term":[{"taxonomy":"category","embeddable":true,"href":"https:\/\/www.adavaveiro.org\/index.php?rest_route=%2Fwp%2Fv2%2Fcategories&post=2696"},{"taxonomy":"post_tag","embeddable":true,"href":"https:\/\/www.adavaveiro.org\/index.php?rest_route=%2Fwp%2Fv2%2Ftags&post=2696"}],"curies":[{"name":"wp","href":"https:\/\/api.w.org\/{rel}","templated":true}]}}