{"id":2707,"date":"2012-11-05T21:07:38","date_gmt":"2012-11-05T21:07:38","guid":{"rendered":"http:\/\/www.adavaveiro.org\/?p=2707"},"modified":"2012-12-18T17:14:51","modified_gmt":"2012-12-18T17:14:51","slug":"2012-vai-ser-o-ano-com-menos-bebes-de-que-ha-registo","status":"publish","type":"post","link":"https:\/\/www.adavaveiro.org\/?p=2707","title":{"rendered":"2012 vai ser o ano com menos beb\u00e9s de que h\u00e1 registo"},"content":{"rendered":"<div>\n<div>\n<p>05.11.2012 &#8211; 08:21<\/p>\n<p>Por Romana Borja-Santos<\/p>\n<\/div>\n<div>\n<div>\n<div><img decoding=\"async\" title=\"A barreira dos 100 mil nascimentos tamb\u00e9m n\u00e3o foi ultrapassada em Portugal em 2011\" src=\"http:\/\/imagens.publico.pt\/imagens.aspx\/725762?tp=UH&amp;db=IMAGENS&amp;w=350&amp;t=1352149526,66241\" alt=\"A barreira dos 100 mil nascimentos tamb\u00e9m n\u00e3o foi ultrapassada em Portugal em 2011\" \/><\/div>\n<div>A barreira dos 100 mil nascimentos tamb\u00e9m n\u00e3o foi ultrapassada em Portugal em 2011<strong>\u00a0(Foto: Daniel Rocha)<\/strong><\/div>\n<\/div>\n<div>\n<blockquote><p>Entre Janeiro e Setembro deste ano foram feitos apenas 67 mil testes do pezinho, menos 6500 que em igual per\u00edodo de 2011. Isto significa que 2012 ficar\u00e1 para a hist\u00f3ria como o ano em Portugal com menos beb\u00e9s de que h\u00e1 registo.<\/p><\/blockquote>\n<\/div>\n<\/div>\n<\/div>\n<p>Para a directora do programa do teste do pezinho, que al\u00e9m do despiste de v\u00e1rias doen\u00e7as permite acompanhar o n\u00famero de nascimentos em Portugal, os dados de 2012 representam uma \u201cevolu\u00e7\u00e3o da natalidade em Portugal muito preocupante\u201d. Em declara\u00e7\u00f5es \u00e0 TSF, Laura Vilarinho acrescentou que as previs\u00f5es indicam que, at\u00e9 ao final do ano, o n\u00famero de crian\u00e7as nascidas em Portugal n\u00e3o vai ultrapassar as 90 mil.<\/p>\n<p>A respons\u00e1vel pela Unidade de Rastreio Neonatal do Instituto Nacional de Sa\u00fade Dr. Ricardo Jorge (INSA) afirma, tamb\u00e9m, que a diminui\u00e7\u00e3o do n\u00famero de nascimentos \u00e9 uma tend\u00eancia que se verifica nos \u00faltimos 30 anos, ainda que com algumas excep\u00e7\u00f5es. Em 2011, a barreira dos 100 mil nascimentos tamb\u00e9m n\u00e3o foi ultrapassada em Portugal, situando-se nos 97.200. No ano anterior, tinham nascido 101.381 crian\u00e7as.<\/p>\n<p>Esta contabilidade \u00e9 feita atrav\u00e9s do Programa Nacional de Diagn\u00f3stico Precoce, conhecido como o \u201cteste do pezinho\u201d e que consiste no rastreio a 25 doen\u00e7as atrav\u00e9s de uma amostra de sangue. A amostra de sangue \u00e9 colhida no p\u00e9 da crian\u00e7a entre o seu terceiro e sexto dia de vida e permite acompanhar estes dados de forma mais imediata. Por\u00e9m, s\u00f3 os dados anuais do Instituto Nacional de Estat\u00edstica permitem dar os n\u00fameros finais e oficiais.<\/p>\n<p><strong>Popula\u00e7\u00e3o a diminuir<\/strong><\/p>\n<p>As \u00faltimas estimativas do Instituto Nacional de Estat\u00edstica publicadas em Junho j\u00e1 indicavam que no espa\u00e7o de um ano, entre Dezembro de 2010 e Dezembro de 2011, a popula\u00e7\u00e3o portuguesa diminuiu em 30.317 indiv\u00edduos. O decr\u00e9scimo registou-se de 10.572.157 para 10.541.840, o que se traduz numa taxa de crescimento efectivo negativo de menos 0,29%. Para este decr\u00e9scimo populacional \u201cconcorreram um saldo natural negativo de menos 5986 indiv\u00edduos (&#8230;) e um saldo migrat\u00f3rio tamb\u00e9m negativo de menos 24.331 indiv\u00edduos\u201d.<\/p>\n<p>Os dados provis\u00f3rios agora avan\u00e7ados indicam que este ano o saldo natural pode voltar a ser negativo, \u00e0 semelhan\u00e7a de 2009, quando o n\u00famero de \u00f3bitos superou o n\u00famero de nascimentos. Contudo, apenas quando houver n\u00fameros finais de natalidade e mortalidade ser\u00e1 poss\u00edvel apurar os valores da diferen\u00e7a entre os que nascem e os que morrem.<\/p>\n<p>Ali\u00e1s, segundo dados do Eurostat, o gabinete de estat\u00edsticas europeu, foi tamb\u00e9m em 2009 que o \u00edndice sint\u00e9tico de fecundidade (n\u00famero de filhos por cada mulher em idade f\u00e9rtil) ficou nos 1,32, um dos mais baixos da UE, apesar de ter recuperado ligeiramente para 1,36 em 2010 e 1,35 em 2011. J\u00e1 a idade m\u00e9dia com que as mulheres tinham o primeiro filho estava nos 28,6 anos em 2009 \u2013 n\u00famero que tem subido ligeiramente.<\/p>\n<p>Olhando para prazos mais latos, Portugal foi o pa\u00eds da Uni\u00e3o Europeia (UE) onde a taxa bruta de natalidade mais diminuiu desde 1999, segundo dados publicados em 2010 pelo Eurostat que incluem os 27 pa\u00edses da UE e ainda a Isl\u00e2ndia, a Su\u00ed\u00e7a e a Noruega. Entre 1999 e 2009, a taxa bruta de natalidade (n\u00famero de nados-vivos por mil habitantes) decresceu substancialmente em Portugal (19,7%). Os n\u00fameros do Eurostat indicam ainda que em 2009 Portugal era j\u00e1 o segundo pa\u00eds da UE com a menor taxa bruta de natalidade, a seguir \u00e0 Alemanha, que lidera a tabela.<\/p>\n<pre>in http:\/\/www.publico.pt\/Sociedade\/2012\r\n-vai-ser-o-ano-com-menos-bebes-de-sempre-1570063<\/pre>\n","protected":false},"excerpt":{"rendered":"<p>05.11.2012 &#8211; 08:21 Por Romana Borja-Santos A barreira dos 100 mil nascimentos tamb\u00e9m n\u00e3o foi ultrapassada em Portugal em 2011\u00a0(Foto: Daniel Rocha) Entre Janeiro e Setembro deste ano foram feitos apenas 67 mil testes do pezinho, menos 6500 que em &hellip; <a href=\"https:\/\/www.adavaveiro.org\/?p=2707\">Continuar a ler <span class=\"meta-nav\">&rarr;<\/span><\/a><\/p>\n","protected":false},"author":1,"featured_media":0,"comment_status":"closed","ping_status":"closed","sticky":false,"template":"","format":"standard","meta":{"footnotes":""},"categories":[20],"tags":[],"class_list":["post-2707","post","type-post","status-publish","format-standard","hentry","category-informacao"],"_links":{"self":[{"href":"https:\/\/www.adavaveiro.org\/index.php?rest_route=\/wp\/v2\/posts\/2707","targetHints":{"allow":["GET"]}}],"collection":[{"href":"https:\/\/www.adavaveiro.org\/index.php?rest_route=\/wp\/v2\/posts"}],"about":[{"href":"https:\/\/www.adavaveiro.org\/index.php?rest_route=\/wp\/v2\/types\/post"}],"author":[{"embeddable":true,"href":"https:\/\/www.adavaveiro.org\/index.php?rest_route=\/wp\/v2\/users\/1"}],"replies":[{"embeddable":true,"href":"https:\/\/www.adavaveiro.org\/index.php?rest_route=%2Fwp%2Fv2%2Fcomments&post=2707"}],"version-history":[{"count":5,"href":"https:\/\/www.adavaveiro.org\/index.php?rest_route=\/wp\/v2\/posts\/2707\/revisions"}],"predecessor-version":[{"id":2762,"href":"https:\/\/www.adavaveiro.org\/index.php?rest_route=\/wp\/v2\/posts\/2707\/revisions\/2762"}],"wp:attachment":[{"href":"https:\/\/www.adavaveiro.org\/index.php?rest_route=%2Fwp%2Fv2%2Fmedia&parent=2707"}],"wp:term":[{"taxonomy":"category","embeddable":true,"href":"https:\/\/www.adavaveiro.org\/index.php?rest_route=%2Fwp%2Fv2%2Fcategories&post=2707"},{"taxonomy":"post_tag","embeddable":true,"href":"https:\/\/www.adavaveiro.org\/index.php?rest_route=%2Fwp%2Fv2%2Ftags&post=2707"}],"curies":[{"name":"wp","href":"https:\/\/api.w.org\/{rel}","templated":true}]}}