{"id":273,"date":"2010-04-30T15:43:20","date_gmt":"2010-04-30T15:43:20","guid":{"rendered":"http:\/\/www.adavaveiro.org\/?p=273"},"modified":"2010-05-08T17:43:20","modified_gmt":"2010-05-08T17:43:20","slug":"com-a-minha-presenca-estou-a-ajudar-a-adav-na-defesa-e-apoio-a-vida","status":"publish","type":"post","link":"https:\/\/www.adavaveiro.org\/?p=273","title":{"rendered":"Com a minha presen\u00e7a, apoiar a Defesa da Vida"},"content":{"rendered":"<p><strong><a href=\"http:\/\/www.adavaveiro.org\/wp-content\/uploads\/pablopicasso_dan\u00e7a.jpg\"><\/a><a href=\"http:\/\/www.adavaveiro.org\/wp-content\/uploads\/pablopicasso_thedanceofyouth_1.jpg\"><img loading=\"lazy\" decoding=\"async\" class=\"alignleft size-thumbnail wp-image-287\" title=\"pablopicasso_thedanceofyouth_1\" src=\"http:\/\/www.adavaveiro.org\/wp-content\/uploads\/pablopicasso_thedanceofyouth_1-150x150.jpg\" alt=\"\" width=\"150\" height=\"150\" \/><\/a>7 de Maio de 2010<\/strong>, <strong>21.30h<\/strong><\/p>\n<p>UNI\u00c3O DESPORTIVA, CULTURAL E RECREATIVA do Silveiro \u2013 Oliveira do Bairro<\/p>\n<p>Prof. Marcos do Vale (ilusionismo e hipnose)\u00a0<\/p>\n<p>Grupo de Dan\u00e7a Obsc Dance\u00a0(R)Evolu\u00c7\u00e3o (dirigido por Gladys Silva)\u00a0<\/p>\n<p>\u00a0Dyogo Douro (cantor e compositor)<\/p>\n<p>As receitas das entradas revertem a favor da ADAV (Associa\u00e7\u00e3o de Defesa e Apoio \u00e0 Vida)<\/p>\n<p><span style=\"color: #000000;\">Organiza\u00e7\u00e3o de ABC, Escola Profissional de Cabeleireiro e Est\u00e9tica, Aveiro<\/span><\/p>\n","protected":false},"excerpt":{"rendered":"<p>7 de Maio de 2010, 21.30h UNI\u00c3O DESPORTIVA, CULTURAL E RECREATIVA do Silveiro \u2013 Oliveira do Bairro Prof. Marcos do Vale (ilusionismo e hipnose)\u00a0 Grupo de Dan\u00e7a Obsc Dance\u00a0(R)Evolu\u00c7\u00e3o (dirigido por Gladys Silva)\u00a0 \u00a0Dyogo Douro (cantor e compositor) As receitas &hellip; <a href=\"https:\/\/www.adavaveiro.org\/?p=273\">Continuar a ler <span class=\"meta-nav\">&rarr;<\/span><\/a><\/p>\n","protected":false},"author":1,"featured_media":0,"comment_status":"closed","ping_status":"closed","sticky":false,"template":"","format":"standard","meta":{"footnotes":""},"categories":[8],"tags":[],"class_list":["post-273","post","type-post","status-publish","format-standard","hentry","category-comemoracao"],"_links":{"self":[{"href":"https:\/\/www.adavaveiro.org\/index.php?rest_route=\/wp\/v2\/posts\/273","targetHints":{"allow":["GET"]}}],"collection":[{"href":"https:\/\/www.adavaveiro.org\/index.php?rest_route=\/wp\/v2\/posts"}],"about":[{"href":"https:\/\/www.adavaveiro.org\/index.php?rest_route=\/wp\/v2\/types\/post"}],"author":[{"embeddable":true,"href":"https:\/\/www.adavaveiro.org\/index.php?rest_route=\/wp\/v2\/users\/1"}],"replies":[{"embeddable":true,"href":"https:\/\/www.adavaveiro.org\/index.php?rest_route=%2Fwp%2Fv2%2Fcomments&post=273"}],"version-history":[{"count":16,"href":"https:\/\/www.adavaveiro.org\/index.php?rest_route=\/wp\/v2\/posts\/273\/revisions"}],"predecessor-version":[{"id":301,"href":"https:\/\/www.adavaveiro.org\/index.php?rest_route=\/wp\/v2\/posts\/273\/revisions\/301"}],"wp:attachment":[{"href":"https:\/\/www.adavaveiro.org\/index.php?rest_route=%2Fwp%2Fv2%2Fmedia&parent=273"}],"wp:term":[{"taxonomy":"category","embeddable":true,"href":"https:\/\/www.adavaveiro.org\/index.php?rest_route=%2Fwp%2Fv2%2Fcategories&post=273"},{"taxonomy":"post_tag","embeddable":true,"href":"https:\/\/www.adavaveiro.org\/index.php?rest_route=%2Fwp%2Fv2%2Ftags&post=273"}],"curies":[{"name":"wp","href":"https:\/\/api.w.org\/{rel}","templated":true}]}}