{"id":2730,"date":"2012-11-23T16:04:40","date_gmt":"2012-11-23T16:04:40","guid":{"rendered":"http:\/\/www.adavaveiro.org\/?p=2730"},"modified":"2012-12-18T17:15:02","modified_gmt":"2012-12-18T17:15:02","slug":"bebes-bocejam-na-barriga-das-maes","status":"publish","type":"post","link":"https:\/\/www.adavaveiro.org\/?p=2730","title":{"rendered":"beb\u00e9s bocejam na barriga das m\u00e3es"},"content":{"rendered":"<p><a href=\"http:\/\/www.adavaveiro.org\/?attachment_id=2735\" rel=\"attachment wp-att-2735\"><img loading=\"lazy\" decoding=\"async\" class=\"aligncenter size-thumbnail wp-image-2735\" title=\"bebe_boceja\" src=\"http:\/\/www.adavaveiro.org\/wp-content\/uploads\/2012\/11\/bebe_boceja-260x142.jpg\" alt=\"\" width=\"260\" height=\"142\" srcset=\"https:\/\/www.adavaveiro.org\/wp-content\/uploads\/2012\/11\/bebe_boceja-260x142.jpg 260w, https:\/\/www.adavaveiro.org\/wp-content\/uploads\/2012\/11\/bebe_boceja-300x164.jpg 300w, https:\/\/www.adavaveiro.org\/wp-content\/uploads\/2012\/11\/bebe_boceja.jpg 749w\" sizes=\"auto, (max-width: 260px) 100vw, 260px\" \/><\/a><\/p>\n<p style=\"text-align: center;\">O feto a abrir a boca (\u00e0 esquerda) e a bocejar, numa imagem captada pela equipa brit\u00e2nica<\/p>\n<p>por Teresa Firmino &#8211; P\u00fablico &#8211; 22\/11\/2012 &#8211; 14:19<\/p>\n<p>Os v\u00eddeos provam-no: o beb\u00e9, ainda na barriga da m\u00e3e, j\u00e1 boceja. \u00c0 medida que o feto se vai desenvolvendo e a gesta\u00e7\u00e3o se aproxima do fim, os bocejos decrescem e n\u00e3o h\u00e1 grandes diferen\u00e7as entre rapazes e raparigas na frequ\u00eancia com que o fazem.<\/p>\n<p>Em tra\u00e7os gerais, estas s\u00e3o as principais conclus\u00f5es do estudo de uma equipa brit\u00e2nica, publicado na revista <em>PLoS ONE<\/em>, que assim pretende p\u00f4r um ponto final na quest\u00e3o. Os investigadores t\u00eam-se dividido sobre os bocejos dos fetos: se uns j\u00e1 sugeriram que existem, outros dizem que n\u00e3o passam de um simples abrir da boca.<\/p>\n<p>A equipa liderada por Nadja Reissland, do Departamento de Psicologia da Universidade de Durham, estudou 15 fetos \u2013 oito raparigas e sete rapazes \u2013, com idades de gesta\u00e7\u00e3o entre as 24 e as 36 semanas. No total, fizeram 58 ecografias, que permitiam obter grava\u00e7\u00f5es em v\u00eddeo dos fetos, os cientistas puderam distinguir entre um bocejo (56) e a mera abertura da boca (27) e confirmaram a exist\u00eancia deste movimento nas nossas vidas desde t\u00e3o cedo.<\/p>\n<p>Para ver o artigo completo leia o <a href=\"http:\/\/www.publico.pt\/ciencia\/noticia\/ainda-na-barriga-da-mae-os-bebes-ja-bocejam-1574598\" target=\"_blank\">P\u00fablico<\/a> ou <a href=\"http:\/\/www.adavaveiro.org\/?page_id=2732\" target=\"_blank\">AQUI<\/a><\/p>\n<p>http:\/\/www.publico.pt\/ciencia\/noticia\/ainda-na-barriga-da-mae-os-bebes-ja-bocejam-1574598<\/p>\n","protected":false},"excerpt":{"rendered":"<p>O feto a abrir a boca (\u00e0 esquerda) e a bocejar, numa imagem captada pela equipa brit\u00e2nica por Teresa Firmino &#8211; P\u00fablico &#8211; 22\/11\/2012 &#8211; 14:19 Os v\u00eddeos provam-no: o beb\u00e9, ainda na barriga da m\u00e3e, j\u00e1 boceja. \u00c0 medida &hellip; <a href=\"https:\/\/www.adavaveiro.org\/?p=2730\">Continuar a ler <span class=\"meta-nav\">&rarr;<\/span><\/a><\/p>\n","protected":false},"author":1,"featured_media":0,"comment_status":"closed","ping_status":"closed","sticky":false,"template":"","format":"standard","meta":{"footnotes":""},"categories":[20],"tags":[],"class_list":["post-2730","post","type-post","status-publish","format-standard","hentry","category-informacao"],"_links":{"self":[{"href":"https:\/\/www.adavaveiro.org\/index.php?rest_route=\/wp\/v2\/posts\/2730","targetHints":{"allow":["GET"]}}],"collection":[{"href":"https:\/\/www.adavaveiro.org\/index.php?rest_route=\/wp\/v2\/posts"}],"about":[{"href":"https:\/\/www.adavaveiro.org\/index.php?rest_route=\/wp\/v2\/types\/post"}],"author":[{"embeddable":true,"href":"https:\/\/www.adavaveiro.org\/index.php?rest_route=\/wp\/v2\/users\/1"}],"replies":[{"embeddable":true,"href":"https:\/\/www.adavaveiro.org\/index.php?rest_route=%2Fwp%2Fv2%2Fcomments&post=2730"}],"version-history":[{"count":9,"href":"https:\/\/www.adavaveiro.org\/index.php?rest_route=\/wp\/v2\/posts\/2730\/revisions"}],"predecessor-version":[{"id":2765,"href":"https:\/\/www.adavaveiro.org\/index.php?rest_route=\/wp\/v2\/posts\/2730\/revisions\/2765"}],"wp:attachment":[{"href":"https:\/\/www.adavaveiro.org\/index.php?rest_route=%2Fwp%2Fv2%2Fmedia&parent=2730"}],"wp:term":[{"taxonomy":"category","embeddable":true,"href":"https:\/\/www.adavaveiro.org\/index.php?rest_route=%2Fwp%2Fv2%2Fcategories&post=2730"},{"taxonomy":"post_tag","embeddable":true,"href":"https:\/\/www.adavaveiro.org\/index.php?rest_route=%2Fwp%2Fv2%2Ftags&post=2730"}],"curies":[{"name":"wp","href":"https:\/\/api.w.org\/{rel}","templated":true}]}}