{"id":2750,"date":"2012-12-13T23:17:37","date_gmt":"2012-12-13T23:17:37","guid":{"rendered":"http:\/\/www.adavaveiro.org\/?p=2750"},"modified":"2012-12-18T17:15:06","modified_gmt":"2012-12-18T17:15:06","slug":"aldeia-pro-vida","status":"publish","type":"post","link":"https:\/\/www.adavaveiro.org\/?p=2750","title":{"rendered":"Aldeia pro-Vida"},"content":{"rendered":"<p><span style=\"color: #000000;\">Esta 6\u00aa feira, dia 14 de Dezembro, entre as 19h50 e as 20h00, passar\u00e1 na RTP1 um <strong>tempo de antena pro-Vida<\/strong>. Havendo t\u00e3o poucas oportunidades para passar a nossa mensagem na Comunica\u00e7\u00e3o Social, ser\u00e1 bom que esta seja vista pelo maior n\u00famero poss\u00edvel de pessoas. <\/span><\/p>\n<p><br style=\"color: #000000;\" \/><span style=\"color: #000000;\">SUGEST\u00c3O portal da <span style=\"text-decoration: underline;\"><strong>Aldeia pro-Vida<\/strong><\/span>, no qual todos os<strong> pr\u00f3-Vida<\/strong> (mais de 4 milh\u00f5es, s\u00f3 em Portugal!) podem lan\u00e7ar ou consultar an\u00fancios de oportunidades de trabalho, restaurantes e alojamentos geridos por fam\u00edlias pro-Vida, partilha de meios de transporte, Servi\u00e7os e Forma\u00e7\u00e3o, colabora\u00e7\u00e3o\/orienta\u00e7\u00e3o acad\u00e9mica, troca ou aluguer de roupa usada,\u00a0 consultas, eventos, utilidades, electrodom\u00e9sticos e at\u00e9 produtos da horta. <\/span><\/p>\n<p><span style=\"color: #000000;\">Endere\u00e7o provis\u00f3rio <em><strong><a href=\"http:\/\/aldeiaprovida.playdennis.com\/\" target=\"_blank\"><span style=\"color: #000000;\">http:\/\/aldeiaprovida.playdennis.com<\/span><\/a><\/strong><\/em><\/span><\/p>\n","protected":false},"excerpt":{"rendered":"<p>Esta 6\u00aa feira, dia 14 de Dezembro, entre as 19h50 e as 20h00, passar\u00e1 na RTP1 um tempo de antena pro-Vida. Havendo t\u00e3o poucas oportunidades para passar a nossa mensagem na Comunica\u00e7\u00e3o Social, ser\u00e1 bom que esta seja vista pelo &hellip; <a href=\"https:\/\/www.adavaveiro.org\/?p=2750\">Continuar a ler <span class=\"meta-nav\">&rarr;<\/span><\/a><\/p>\n","protected":false},"author":1,"featured_media":0,"comment_status":"closed","ping_status":"closed","sticky":false,"template":"","format":"standard","meta":{"footnotes":""},"categories":[20],"tags":[],"class_list":["post-2750","post","type-post","status-publish","format-standard","hentry","category-informacao"],"_links":{"self":[{"href":"https:\/\/www.adavaveiro.org\/index.php?rest_route=\/wp\/v2\/posts\/2750","targetHints":{"allow":["GET"]}}],"collection":[{"href":"https:\/\/www.adavaveiro.org\/index.php?rest_route=\/wp\/v2\/posts"}],"about":[{"href":"https:\/\/www.adavaveiro.org\/index.php?rest_route=\/wp\/v2\/types\/post"}],"author":[{"embeddable":true,"href":"https:\/\/www.adavaveiro.org\/index.php?rest_route=\/wp\/v2\/users\/1"}],"replies":[{"embeddable":true,"href":"https:\/\/www.adavaveiro.org\/index.php?rest_route=%2Fwp%2Fv2%2Fcomments&post=2750"}],"version-history":[{"count":3,"href":"https:\/\/www.adavaveiro.org\/index.php?rest_route=\/wp\/v2\/posts\/2750\/revisions"}],"predecessor-version":[{"id":2766,"href":"https:\/\/www.adavaveiro.org\/index.php?rest_route=\/wp\/v2\/posts\/2750\/revisions\/2766"}],"wp:attachment":[{"href":"https:\/\/www.adavaveiro.org\/index.php?rest_route=%2Fwp%2Fv2%2Fmedia&parent=2750"}],"wp:term":[{"taxonomy":"category","embeddable":true,"href":"https:\/\/www.adavaveiro.org\/index.php?rest_route=%2Fwp%2Fv2%2Fcategories&post=2750"},{"taxonomy":"post_tag","embeddable":true,"href":"https:\/\/www.adavaveiro.org\/index.php?rest_route=%2Fwp%2Fv2%2Ftags&post=2750"}],"curies":[{"name":"wp","href":"https:\/\/api.w.org\/{rel}","templated":true}]}}