{"id":2753,"date":"2012-12-18T16:40:59","date_gmt":"2012-12-18T16:40:59","guid":{"rendered":"http:\/\/www.adavaveiro.org\/?p=2753"},"modified":"2012-12-22T21:18:37","modified_gmt":"2012-12-22T21:18:37","slug":"partilha-em-tempo-de-natal","status":"publish","type":"post","link":"https:\/\/www.adavaveiro.org\/?p=2753","title":{"rendered":"partilha em tempo de Natal"},"content":{"rendered":"<p><a href=\"http:\/\/www.adavaveiro.org\/?attachment_id=2108\" rel=\"attachment wp-att-2108\"><img loading=\"lazy\" decoding=\"async\" class=\"aligncenter size-thumbnail wp-image-2108\" title=\"natal-menino-3\" src=\"http:\/\/www.adavaveiro.org\/wp-content\/uploads\/2011\/12\/natal-menino-3-169x260.jpg\" alt=\"\" width=\"169\" height=\"260\" srcset=\"https:\/\/www.adavaveiro.org\/wp-content\/uploads\/2011\/12\/natal-menino-3-169x260.jpg 169w, https:\/\/www.adavaveiro.org\/wp-content\/uploads\/2011\/12\/natal-menino-3-196x300.jpg 196w, https:\/\/www.adavaveiro.org\/wp-content\/uploads\/2011\/12\/natal-menino-3.jpg 245w\" sizes=\"auto, (max-width: 169px) 100vw, 169px\" \/><\/a><\/p>\n<p><strong><span style=\"color: #003300;\"><span style=\"color: #ff0000;\"><br \/>\nNesta semana, recebemos v\u00e1rios donativos que v\u00e3o certamente alegrar o Natal de muitas das fam\u00edlias que apoiamos.<\/span> <\/span><\/strong><\/p>\n<p><strong><span style=\"color: #003300;\">223 pares de sapatos da <a href=\"http:\/\/www.adavaveiro.org\/?page_id=2779\" target=\"_blank\">mlvshoes<\/a><br \/>\n<\/span><\/strong><\/p>\n<p><span style=\"color: #333300;\"><strong>de Shoensttat, <\/strong><\/span><strong><span style=\"color: #800000;\">da Escola Secund\u00e1ria da Gafanha da Nazar\u00e9, do Rotary Club de Aveiro e <span style=\"color: #008000;\">do Col\u00e9gio Portugu\u00eas<\/span> <span style=\"color: #ff0000;\">vieram bens variados<\/span><br \/>\n<\/span><\/strong><\/p>\n<p><strong><span style=\"color: #ff6600;\">do grupo de senhoras intitulado <a href=\"http:\/\/www.adavaveiro.org\/?page_id=2785\" target=\"_blank\">Smart<\/a>, a recolha efetuada na empresa em que trabalham as senhoras deu origem a 1 caixote de roupa<\/span><\/strong><\/p>\n<p style=\"text-align: center;\"><strong><span style=\"color: #800000;\">Bem hajam a todos por t\u00e3o grande generosidade!<\/span><\/strong><\/p>\n","protected":false},"excerpt":{"rendered":"<p>Nesta semana, recebemos v\u00e1rios donativos que v\u00e3o certamente alegrar o Natal de muitas das fam\u00edlias que apoiamos. 223 pares de sapatos da mlvshoes de Shoensttat, da Escola Secund\u00e1ria da Gafanha da Nazar\u00e9, do Rotary Club de Aveiro e do Col\u00e9gio &hellip; <a href=\"https:\/\/www.adavaveiro.org\/?p=2753\">Continuar a ler <span class=\"meta-nav\">&rarr;<\/span><\/a><\/p>\n","protected":false},"author":1,"featured_media":0,"comment_status":"closed","ping_status":"closed","sticky":false,"template":"","format":"standard","meta":{"footnotes":""},"categories":[13],"tags":[],"class_list":["post-2753","post","type-post","status-publish","format-standard","hentry","category-colaborar"],"_links":{"self":[{"href":"https:\/\/www.adavaveiro.org\/index.php?rest_route=\/wp\/v2\/posts\/2753","targetHints":{"allow":["GET"]}}],"collection":[{"href":"https:\/\/www.adavaveiro.org\/index.php?rest_route=\/wp\/v2\/posts"}],"about":[{"href":"https:\/\/www.adavaveiro.org\/index.php?rest_route=\/wp\/v2\/types\/post"}],"author":[{"embeddable":true,"href":"https:\/\/www.adavaveiro.org\/index.php?rest_route=\/wp\/v2\/users\/1"}],"replies":[{"embeddable":true,"href":"https:\/\/www.adavaveiro.org\/index.php?rest_route=%2Fwp%2Fv2%2Fcomments&post=2753"}],"version-history":[{"count":14,"href":"https:\/\/www.adavaveiro.org\/index.php?rest_route=\/wp\/v2\/posts\/2753\/revisions"}],"predecessor-version":[{"id":2802,"href":"https:\/\/www.adavaveiro.org\/index.php?rest_route=\/wp\/v2\/posts\/2753\/revisions\/2802"}],"wp:attachment":[{"href":"https:\/\/www.adavaveiro.org\/index.php?rest_route=%2Fwp%2Fv2%2Fmedia&parent=2753"}],"wp:term":[{"taxonomy":"category","embeddable":true,"href":"https:\/\/www.adavaveiro.org\/index.php?rest_route=%2Fwp%2Fv2%2Fcategories&post=2753"},{"taxonomy":"post_tag","embeddable":true,"href":"https:\/\/www.adavaveiro.org\/index.php?rest_route=%2Fwp%2Fv2%2Ftags&post=2753"}],"curies":[{"name":"wp","href":"https:\/\/api.w.org\/{rel}","templated":true}]}}