{"id":2795,"date":"2012-12-21T14:52:34","date_gmt":"2012-12-21T14:52:34","guid":{"rendered":"http:\/\/www.adavaveiro.org\/?p=2795"},"modified":"2012-12-21T14:52:34","modified_gmt":"2012-12-21T14:52:34","slug":"boas-festas-2","status":"publish","type":"post","link":"https:\/\/www.adavaveiro.org\/?p=2795","title":{"rendered":"BOAS FESTAS"},"content":{"rendered":"<p><strong><span style=\"color: #800000;\">Caros amigos e visitantes!<\/span><\/strong><\/p>\n<p><strong><span style=\"color: #800000;\">A ADAV AVEIRO deseja a todos um FELIZ NATAL e um ANO DE 2013 pleno de sentido de esperan\u00e7a e esp\u00edrito solid\u00e1rio.<\/span><\/strong><\/p>\n<p><a href=\"http:\/\/www.adavaveiro.org\/?attachment_id=2799\" rel=\"attachment wp-att-2799\"><img loading=\"lazy\" decoding=\"async\" class=\"aligncenter size-thumbnail wp-image-2799\" title=\"Presepio_ESMS_2012_educacao_Tecnologica\" src=\"http:\/\/www.adavaveiro.org\/wp-content\/uploads\/2012\/12\/Presepio_ESMS_2012_educacao_Tecnologica1-195x260.jpg\" alt=\"\" width=\"195\" height=\"260\" srcset=\"https:\/\/www.adavaveiro.org\/wp-content\/uploads\/2012\/12\/Presepio_ESMS_2012_educacao_Tecnologica1-195x260.jpg 195w, https:\/\/www.adavaveiro.org\/wp-content\/uploads\/2012\/12\/Presepio_ESMS_2012_educacao_Tecnologica1-225x300.jpg 225w, https:\/\/www.adavaveiro.org\/wp-content\/uploads\/2012\/12\/Presepio_ESMS_2012_educacao_Tecnologica1.jpg 308w\" sizes=\"auto, (max-width: 195px) 100vw, 195px\" \/><\/a><\/p>\n<p style=\"text-align: center;\">pres\u00e9pio realizado em educa\u00e7\u00e3o tecnol\u00f3gica &#8211; ESCOLA SECUND\u00c1RIA DR. M\u00c1RIO SACRAMENTO &#8211; AVEIRO<\/p>\n","protected":false},"excerpt":{"rendered":"<p>Caros amigos e visitantes! A ADAV AVEIRO deseja a todos um FELIZ NATAL e um ANO DE 2013 pleno de sentido de esperan\u00e7a e esp\u00edrito solid\u00e1rio. pres\u00e9pio realizado em educa\u00e7\u00e3o tecnol\u00f3gica &#8211; ESCOLA SECUND\u00c1RIA DR. M\u00c1RIO SACRAMENTO &#8211; AVEIRO<\/p>\n","protected":false},"author":1,"featured_media":0,"comment_status":"closed","ping_status":"closed","sticky":false,"template":"","format":"standard","meta":{"footnotes":""},"categories":[8],"tags":[],"class_list":["post-2795","post","type-post","status-publish","format-standard","hentry","category-comemoracao"],"_links":{"self":[{"href":"https:\/\/www.adavaveiro.org\/index.php?rest_route=\/wp\/v2\/posts\/2795","targetHints":{"allow":["GET"]}}],"collection":[{"href":"https:\/\/www.adavaveiro.org\/index.php?rest_route=\/wp\/v2\/posts"}],"about":[{"href":"https:\/\/www.adavaveiro.org\/index.php?rest_route=\/wp\/v2\/types\/post"}],"author":[{"embeddable":true,"href":"https:\/\/www.adavaveiro.org\/index.php?rest_route=\/wp\/v2\/users\/1"}],"replies":[{"embeddable":true,"href":"https:\/\/www.adavaveiro.org\/index.php?rest_route=%2Fwp%2Fv2%2Fcomments&post=2795"}],"version-history":[{"count":1,"href":"https:\/\/www.adavaveiro.org\/index.php?rest_route=\/wp\/v2\/posts\/2795\/revisions"}],"predecessor-version":[{"id":2800,"href":"https:\/\/www.adavaveiro.org\/index.php?rest_route=\/wp\/v2\/posts\/2795\/revisions\/2800"}],"wp:attachment":[{"href":"https:\/\/www.adavaveiro.org\/index.php?rest_route=%2Fwp%2Fv2%2Fmedia&parent=2795"}],"wp:term":[{"taxonomy":"category","embeddable":true,"href":"https:\/\/www.adavaveiro.org\/index.php?rest_route=%2Fwp%2Fv2%2Fcategories&post=2795"},{"taxonomy":"post_tag","embeddable":true,"href":"https:\/\/www.adavaveiro.org\/index.php?rest_route=%2Fwp%2Fv2%2Ftags&post=2795"}],"curies":[{"name":"wp","href":"https:\/\/api.w.org\/{rel}","templated":true}]}}