{"id":2803,"date":"2012-12-31T08:09:58","date_gmt":"2012-12-31T08:09:58","guid":{"rendered":"http:\/\/www.adavaveiro.org\/?p=2803"},"modified":"2013-01-06T23:44:11","modified_gmt":"2013-01-06T23:44:11","slug":"concerto-solidario-de-reis","status":"publish","type":"post","link":"https:\/\/www.adavaveiro.org\/?p=2803","title":{"rendered":"concerto solid\u00e1rio de REIS"},"content":{"rendered":"<h2 style=\"text-align: center;\"><strong><span style=\"color: #003300;\">\u00a0BOAS FESTAS<\/span><\/strong><\/h2>\n<p><span style=\"color: #800000;\"><a href=\"http:\/\/www.adavaveiro.org\/?attachment_id=2804\" rel=\"attachment wp-att-2804\"><span style=\"color: #800000;\"><img loading=\"lazy\" decoding=\"async\" class=\"aligncenter size-thumbnail wp-image-2804\" alt=\"concerto_REIS_ADAVNatal2013\" src=\"http:\/\/www.adavaveiro.org\/wp-content\/uploads\/2012\/12\/concerto_REIS_ADAVNatal2013-196x260.jpg\" width=\"196\" height=\"260\" srcset=\"https:\/\/www.adavaveiro.org\/wp-content\/uploads\/2012\/12\/concerto_REIS_ADAVNatal2013-196x260.jpg 196w, https:\/\/www.adavaveiro.org\/wp-content\/uploads\/2012\/12\/concerto_REIS_ADAVNatal2013-226x300.jpg 226w, https:\/\/www.adavaveiro.org\/wp-content\/uploads\/2012\/12\/concerto_REIS_ADAVNatal2013.jpg 476w\" sizes=\"auto, (max-width: 196px) 100vw, 196px\" \/><\/span><\/a><\/span><\/p>\n<p><span style=\"color: #003300;\"><strong>O coro de c\u00e2mara <em>Capella Antiqua<\/em> oferece um concerto de Reis \u00e0 ADAV AVEIRO e a todos os que queiram assistir.<\/strong><\/span><\/p>\n<p style=\"text-align: center;\"><span style=\"color: #003300;\"><strong>DIA DE REIS &#8211; 6 DE JANEIRO &#8211; 2012 &#8211; 21H00 &#8211; S\u00c9 DE AVEIRO<br \/>\n<\/strong><\/span><\/p>\n<p style=\"text-align: center;\"><span style=\"color: #993300;\"><strong>Se quiser colaborar, \u00e0 maneira dos Reis Magos, leve &#8220;ouro, incenso e mirra&#8221;. Hoje, dir\u00edamos uma embalagem de farinha l\u00e1ctea ou uma lata de leite at\u00e9 12 meses ou um pacote de fraldas.<\/strong><\/span><\/p>\n<p style=\"text-align: center;\">\n<p style=\"text-align: center;\"><span style=\"color: #993300;\"><strong>Todos os contributos s\u00e3o bem-vindos! Bem-haja!<\/strong><\/span><\/p>\n<p style=\"text-align: center;\"><span style=\"color: #003300;\"><strong>\u00a0<\/strong><\/span><\/p>\n","protected":false},"excerpt":{"rendered":"<p>\u00a0BOAS FESTAS O coro de c\u00e2mara Capella Antiqua oferece um concerto de Reis \u00e0 ADAV AVEIRO e a todos os que queiram assistir. DIA DE REIS &#8211; 6 DE JANEIRO &#8211; 2012 &#8211; 21H00 &#8211; S\u00c9 DE AVEIRO Se quiser &hellip; <a href=\"https:\/\/www.adavaveiro.org\/?p=2803\">Continuar a ler <span class=\"meta-nav\">&rarr;<\/span><\/a><\/p>\n","protected":false},"author":1,"featured_media":0,"comment_status":"closed","ping_status":"closed","sticky":false,"template":"","format":"standard","meta":{"footnotes":""},"categories":[13,8],"tags":[],"class_list":["post-2803","post","type-post","status-publish","format-standard","hentry","category-colaborar","category-comemoracao"],"_links":{"self":[{"href":"https:\/\/www.adavaveiro.org\/index.php?rest_route=\/wp\/v2\/posts\/2803","targetHints":{"allow":["GET"]}}],"collection":[{"href":"https:\/\/www.adavaveiro.org\/index.php?rest_route=\/wp\/v2\/posts"}],"about":[{"href":"https:\/\/www.adavaveiro.org\/index.php?rest_route=\/wp\/v2\/types\/post"}],"author":[{"embeddable":true,"href":"https:\/\/www.adavaveiro.org\/index.php?rest_route=\/wp\/v2\/users\/1"}],"replies":[{"embeddable":true,"href":"https:\/\/www.adavaveiro.org\/index.php?rest_route=%2Fwp%2Fv2%2Fcomments&post=2803"}],"version-history":[{"count":16,"href":"https:\/\/www.adavaveiro.org\/index.php?rest_route=\/wp\/v2\/posts\/2803\/revisions"}],"predecessor-version":[{"id":2849,"href":"https:\/\/www.adavaveiro.org\/index.php?rest_route=\/wp\/v2\/posts\/2803\/revisions\/2849"}],"wp:attachment":[{"href":"https:\/\/www.adavaveiro.org\/index.php?rest_route=%2Fwp%2Fv2%2Fmedia&parent=2803"}],"wp:term":[{"taxonomy":"category","embeddable":true,"href":"https:\/\/www.adavaveiro.org\/index.php?rest_route=%2Fwp%2Fv2%2Fcategories&post=2803"},{"taxonomy":"post_tag","embeddable":true,"href":"https:\/\/www.adavaveiro.org\/index.php?rest_route=%2Fwp%2Fv2%2Ftags&post=2803"}],"curies":[{"name":"wp","href":"https:\/\/api.w.org\/{rel}","templated":true}]}}