{"id":2812,"date":"2012-12-29T11:41:43","date_gmt":"2012-12-29T11:41:43","guid":{"rendered":"http:\/\/www.adavaveiro.org\/?p=2812"},"modified":"2012-12-29T11:41:33","modified_gmt":"2012-12-29T11:41:33","slug":"dia-da-familia-2","status":"publish","type":"post","link":"https:\/\/www.adavaveiro.org\/?p=2812","title":{"rendered":"dia da Fam\u00edlia"},"content":{"rendered":"<p><a href=\"http:\/\/www.adavaveiro.org\/?attachment_id=2814\" rel=\"attachment wp-att-2814\"><img loading=\"lazy\" decoding=\"async\" class=\"aligncenter size-thumbnail wp-image-2814\" alt=\"Vitral-Presepio\" src=\"http:\/\/www.adavaveiro.org\/wp-content\/uploads\/2012\/12\/Vitral-Presepio-260x260.jpg\" width=\"260\" height=\"260\" srcset=\"https:\/\/www.adavaveiro.org\/wp-content\/uploads\/2012\/12\/Vitral-Presepio-260x260.jpg 260w, https:\/\/www.adavaveiro.org\/wp-content\/uploads\/2012\/12\/Vitral-Presepio-300x300.jpg 300w, https:\/\/www.adavaveiro.org\/wp-content\/uploads\/2012\/12\/Vitral-Presepio.jpg 600w\" sizes=\"auto, (max-width: 260px) 100vw, 260px\" \/><\/a><\/p>\n<p><strong><span style=\"color: #ff6600;\">A 30 de dezembro de 2012, comemora a Igreja o Dia da Sagrada Fam\u00edlia &#8211; Por isso, a ADAV relembra aqui todas as fa<\/span><span style=\"color: #ff6600;\">m\u00edlias com quem trabalha e todas as fam\u00edlias que nos apoiam. <\/span><\/strong><\/p>\n<p style=\"text-align: center;\"><span style=\"color: #ff6600;\"><strong>Bem-hajam!<\/strong><\/span><\/p>\n<p>&nbsp;<\/p>\n","protected":false},"excerpt":{"rendered":"<p>A 30 de dezembro de 2012, comemora a Igreja o Dia da Sagrada Fam\u00edlia &#8211; Por isso, a ADAV relembra aqui todas as fam\u00edlias com quem trabalha e todas as fam\u00edlias que nos apoiam. Bem-hajam! &nbsp;<\/p>\n","protected":false},"author":1,"featured_media":0,"comment_status":"closed","ping_status":"closed","sticky":false,"template":"","format":"standard","meta":{"footnotes":""},"categories":[8],"tags":[],"class_list":["post-2812","post","type-post","status-publish","format-standard","hentry","category-comemoracao"],"_links":{"self":[{"href":"https:\/\/www.adavaveiro.org\/index.php?rest_route=\/wp\/v2\/posts\/2812","targetHints":{"allow":["GET"]}}],"collection":[{"href":"https:\/\/www.adavaveiro.org\/index.php?rest_route=\/wp\/v2\/posts"}],"about":[{"href":"https:\/\/www.adavaveiro.org\/index.php?rest_route=\/wp\/v2\/types\/post"}],"author":[{"embeddable":true,"href":"https:\/\/www.adavaveiro.org\/index.php?rest_route=\/wp\/v2\/users\/1"}],"replies":[{"embeddable":true,"href":"https:\/\/www.adavaveiro.org\/index.php?rest_route=%2Fwp%2Fv2%2Fcomments&post=2812"}],"version-history":[{"count":4,"href":"https:\/\/www.adavaveiro.org\/index.php?rest_route=\/wp\/v2\/posts\/2812\/revisions"}],"predecessor-version":[{"id":2822,"href":"https:\/\/www.adavaveiro.org\/index.php?rest_route=\/wp\/v2\/posts\/2812\/revisions\/2822"}],"wp:attachment":[{"href":"https:\/\/www.adavaveiro.org\/index.php?rest_route=%2Fwp%2Fv2%2Fmedia&parent=2812"}],"wp:term":[{"taxonomy":"category","embeddable":true,"href":"https:\/\/www.adavaveiro.org\/index.php?rest_route=%2Fwp%2Fv2%2Fcategories&post=2812"},{"taxonomy":"post_tag","embeddable":true,"href":"https:\/\/www.adavaveiro.org\/index.php?rest_route=%2Fwp%2Fv2%2Ftags&post=2812"}],"curies":[{"name":"wp","href":"https:\/\/api.w.org\/{rel}","templated":true}]}}