{"id":2838,"date":"2013-02-15T07:46:53","date_gmt":"2013-02-15T07:46:53","guid":{"rendered":"http:\/\/www.adavaveiro.org\/?p=2838"},"modified":"2013-02-16T21:54:43","modified_gmt":"2013-02-16T21:54:43","slug":"quem-somos","status":"publish","type":"post","link":"https:\/\/www.adavaveiro.org\/?p=2838","title":{"rendered":"quem somos"},"content":{"rendered":"<p><a href=\"http:\/\/www.adavaveiro.org\/?attachment_id=1102\" rel=\"attachment wp-att-1102\"><img loading=\"lazy\" decoding=\"async\" class=\"aligncenter size-medium wp-image-1102\" alt=\"bebe ao colo\" src=\"http:\/\/www.adavaveiro.org\/wp-content\/uploads\/2011\/01\/bebe-ao-colo-223x300.jpg\" width=\"223\" height=\"300\" srcset=\"https:\/\/www.adavaveiro.org\/wp-content\/uploads\/2011\/01\/bebe-ao-colo-223x300.jpg 223w, https:\/\/www.adavaveiro.org\/wp-content\/uploads\/2011\/01\/bebe-ao-colo-193x260.jpg 193w, https:\/\/www.adavaveiro.org\/wp-content\/uploads\/2011\/01\/bebe-ao-colo.jpg 250w\" sizes=\"auto, (max-width: 223px) 100vw, 223px\" \/><\/a><\/p>\n<p><span style=\"color: #000000\">A ADAV Aveiro \u00e9 uma institui\u00e7\u00e3o de solidariedade social que atualmente apoia 672 pessoas, das quais 237 s\u00e3o crian\u00e7as: 60 beb\u00e9s at\u00e9 um ano, 85 at\u00e9 3 anos e 92 crian\u00e7as dos 4 aos dez anos.<\/span><\/p>\n<p><span style=\"color: #000000\">Em 2012, recorreram \u00e0 ADAV pela primeira vez 79 m\u00e3es, o que corresponde<\/span> <span style=\"color: #000000\">a um aumento de pedidos de apoio em rela\u00e7\u00e3o ao ano anterior na ordem <\/span><span style=\"color: #000000\">dos 50%. No ano passado, apoi\u00e1mos 39 gr\u00e1vidas das quais 3 s\u00e3o menores de 18 anos.<\/span><\/p>\n<p><span style=\"color: #000000\">Recorrem \u00e0 ADAV AVEIRO pessoas de todo o distrito, por informa\u00e7\u00e3o de outras utentes, por encaminhamento das mais diversas institui\u00e7\u00f5es e de pessoas particulares.<\/span><\/p>\n<p><span style=\"color: #000000\">O tipo de apoio \u00e9 variado: leite, fraldas, papas, roupas, bens de puericultura; prepara\u00e7\u00e3o para o parto; forma\u00e7\u00e3o parental para m\u00e3es com filhos at\u00e9 1 ano; apoio jur\u00eddico. Temos ainda um protocolo com uma Clinica Dent\u00e1ria, sendo este um servi\u00e7o muito solicitado. Somos entidade intermedi\u00e1ria do Banco Alimentar para prestarmos apoio alimentar de emerg\u00eancia, quando na zona de resid\u00eancia da fam\u00edlia n\u00e3o existe nenhuma entidade que preste este tipo de apoio.<\/span><\/p>\n<p><span style=\"color: #000000\">A sede \u00e9 no Mercado de Santiago, numa das salas do 1.\u00ba andar, que est\u00e1 aberta todos os dias de manh\u00e3, 2 tardes por semana e 2 s\u00e1bados por m\u00eas. Neste momento, contamos com a colabora\u00e7\u00e3o de 25 volunt\u00e1rios.<\/span><\/p>\n<p><span style=\"color: #000000\">Atualmente, temos cerca de 100 s\u00f3cios e 25 benfeitores.<\/span><\/p>\n","protected":false},"excerpt":{"rendered":"<p>A ADAV Aveiro \u00e9 uma institui\u00e7\u00e3o de solidariedade social que atualmente apoia 672 pessoas, das quais 237 s\u00e3o crian\u00e7as: 60 beb\u00e9s at\u00e9 um ano, 85 at\u00e9 3 anos e 92 crian\u00e7as dos 4 aos dez anos. Em 2012, recorreram \u00e0 &hellip; <a href=\"https:\/\/www.adavaveiro.org\/?p=2838\">Continuar a ler <span class=\"meta-nav\">&rarr;<\/span><\/a><\/p>\n","protected":false},"author":1,"featured_media":0,"comment_status":"closed","ping_status":"closed","sticky":false,"template":"","format":"standard","meta":{"footnotes":""},"categories":[20],"tags":[],"class_list":["post-2838","post","type-post","status-publish","format-standard","hentry","category-informacao"],"_links":{"self":[{"href":"https:\/\/www.adavaveiro.org\/index.php?rest_route=\/wp\/v2\/posts\/2838","targetHints":{"allow":["GET"]}}],"collection":[{"href":"https:\/\/www.adavaveiro.org\/index.php?rest_route=\/wp\/v2\/posts"}],"about":[{"href":"https:\/\/www.adavaveiro.org\/index.php?rest_route=\/wp\/v2\/types\/post"}],"author":[{"embeddable":true,"href":"https:\/\/www.adavaveiro.org\/index.php?rest_route=\/wp\/v2\/users\/1"}],"replies":[{"embeddable":true,"href":"https:\/\/www.adavaveiro.org\/index.php?rest_route=%2Fwp%2Fv2%2Fcomments&post=2838"}],"version-history":[{"count":9,"href":"https:\/\/www.adavaveiro.org\/index.php?rest_route=\/wp\/v2\/posts\/2838\/revisions"}],"predecessor-version":[{"id":2885,"href":"https:\/\/www.adavaveiro.org\/index.php?rest_route=\/wp\/v2\/posts\/2838\/revisions\/2885"}],"wp:attachment":[{"href":"https:\/\/www.adavaveiro.org\/index.php?rest_route=%2Fwp%2Fv2%2Fmedia&parent=2838"}],"wp:term":[{"taxonomy":"category","embeddable":true,"href":"https:\/\/www.adavaveiro.org\/index.php?rest_route=%2Fwp%2Fv2%2Fcategories&post=2838"},{"taxonomy":"post_tag","embeddable":true,"href":"https:\/\/www.adavaveiro.org\/index.php?rest_route=%2Fwp%2Fv2%2Ftags&post=2838"}],"curies":[{"name":"wp","href":"https:\/\/api.w.org\/{rel}","templated":true}]}}