{"id":2868,"date":"2013-02-11T19:05:22","date_gmt":"2013-02-11T19:05:22","guid":{"rendered":"http:\/\/www.adavaveiro.org\/?p=2868"},"modified":"2013-02-15T07:51:53","modified_gmt":"2013-02-15T07:51:53","slug":"dia-de-memoria-e-de-luto","status":"publish","type":"post","link":"https:\/\/www.adavaveiro.org\/?p=2868","title":{"rendered":"Dia de mem\u00f3ria e de luto"},"content":{"rendered":"<p style=\"text-align: center;\">11 de Fevereiro<\/p>\n<p style=\"text-align: center;\">Dia de mem\u00f3ria e de luto pelos <strong>84592<\/strong> seres humanos n\u00e3o nascidos, at\u00e9 ao final de 2011, ao abrigo da lei referendada em 2007.<\/p>\n<p><a href=\"http:\/\/www.adavaveiro.org\/?attachment_id=2872\" rel=\"attachment wp-att-2872\"><img loading=\"lazy\" decoding=\"async\" class=\"aligncenter size-thumbnail wp-image-2872\" alt=\"rosa_escura\" src=\"http:\/\/www.adavaveiro.org\/wp-content\/uploads\/2013\/02\/rosa_escura-260x240.jpg\" width=\"260\" height=\"240\" srcset=\"https:\/\/www.adavaveiro.org\/wp-content\/uploads\/2013\/02\/rosa_escura-260x240.jpg 260w, https:\/\/www.adavaveiro.org\/wp-content\/uploads\/2013\/02\/rosa_escura-300x277.jpg 300w, https:\/\/www.adavaveiro.org\/wp-content\/uploads\/2013\/02\/rosa_escura.jpg 750w\" sizes=\"auto, (max-width: 260px) 100vw, 260px\" \/><\/a><\/p>\n","protected":false},"excerpt":{"rendered":"<p>11 de Fevereiro Dia de mem\u00f3ria e de luto pelos 84592 seres humanos n\u00e3o nascidos, at\u00e9 ao final de 2011, ao abrigo da lei referendada em 2007.<\/p>\n","protected":false},"author":1,"featured_media":0,"comment_status":"closed","ping_status":"closed","sticky":false,"template":"","format":"standard","meta":{"footnotes":""},"categories":[9],"tags":[],"class_list":["post-2868","post","type-post","status-publish","format-standard","hentry","category-refletir"],"_links":{"self":[{"href":"https:\/\/www.adavaveiro.org\/index.php?rest_route=\/wp\/v2\/posts\/2868","targetHints":{"allow":["GET"]}}],"collection":[{"href":"https:\/\/www.adavaveiro.org\/index.php?rest_route=\/wp\/v2\/posts"}],"about":[{"href":"https:\/\/www.adavaveiro.org\/index.php?rest_route=\/wp\/v2\/types\/post"}],"author":[{"embeddable":true,"href":"https:\/\/www.adavaveiro.org\/index.php?rest_route=\/wp\/v2\/users\/1"}],"replies":[{"embeddable":true,"href":"https:\/\/www.adavaveiro.org\/index.php?rest_route=%2Fwp%2Fv2%2Fcomments&post=2868"}],"version-history":[{"count":6,"href":"https:\/\/www.adavaveiro.org\/index.php?rest_route=\/wp\/v2\/posts\/2868\/revisions"}],"predecessor-version":[{"id":2877,"href":"https:\/\/www.adavaveiro.org\/index.php?rest_route=\/wp\/v2\/posts\/2868\/revisions\/2877"}],"wp:attachment":[{"href":"https:\/\/www.adavaveiro.org\/index.php?rest_route=%2Fwp%2Fv2%2Fmedia&parent=2868"}],"wp:term":[{"taxonomy":"category","embeddable":true,"href":"https:\/\/www.adavaveiro.org\/index.php?rest_route=%2Fwp%2Fv2%2Fcategories&post=2868"},{"taxonomy":"post_tag","embeddable":true,"href":"https:\/\/www.adavaveiro.org\/index.php?rest_route=%2Fwp%2Fv2%2Ftags&post=2868"}],"curies":[{"name":"wp","href":"https:\/\/api.w.org\/{rel}","templated":true}]}}