{"id":2878,"date":"2013-02-15T07:55:27","date_gmt":"2013-02-15T07:55:27","guid":{"rendered":"http:\/\/www.adavaveiro.org\/?p=2878"},"modified":"2013-02-15T07:56:02","modified_gmt":"2013-02-15T07:56:02","slug":"austeridade-mais-pobreza-infantil","status":"publish","type":"post","link":"https:\/\/www.adavaveiro.org\/?p=2878","title":{"rendered":"austeridade = mais pobreza infantil"},"content":{"rendered":"<p>artigo de 14 de fevereiro de 2013<\/p>\n<p><a href=\"http:\/\/www.adavaveiro.org\/?attachment_id=2680\" rel=\"attachment wp-att-2680\"><img loading=\"lazy\" decoding=\"async\" class=\"aligncenter size-thumbnail wp-image-2680\" alt=\"bebe_papa\" src=\"http:\/\/www.adavaveiro.org\/wp-content\/uploads\/2012\/10\/bebe_papa-260x195.jpg\" width=\"260\" height=\"195\" srcset=\"https:\/\/www.adavaveiro.org\/wp-content\/uploads\/2012\/10\/bebe_papa-260x195.jpg 260w, https:\/\/www.adavaveiro.org\/wp-content\/uploads\/2012\/10\/bebe_papa-300x225.jpg 300w, https:\/\/www.adavaveiro.org\/wp-content\/uploads\/2012\/10\/bebe_papa-1024x768.jpg 1024w, https:\/\/www.adavaveiro.org\/wp-content\/uploads\/2012\/10\/bebe_papa.jpg 1600w\" sizes=\"auto, (max-width: 260px) 100vw, 260px\" \/><\/a><\/p>\n<p>Portugal, Gr\u00e9cia, Irlanda n\u00e3o t\u00eam apenas em comum estarem inclu\u00eddos num programa de assist\u00eancia econ\u00f3mica e financeira para reduzir drasticamente o peso da d\u00edvida p\u00fablica e reconquistar a confian\u00e7a dos mercados nas suas economias. Esses \u2013 mais Espanha, onde vigora um plano de assist\u00eancia \u00e0 banca, e It\u00e1lia \u2013 incluem-se no grupo de pa\u00edses sobre o qual a C\u00e1ritas Europa lan\u00e7a um alerta especial para os riscos das pol\u00edticas de austeridade sobre as crian\u00e7as e os jovens.<\/p>\n<p>Nestes cinco pa\u00edses, o n\u00famero de crian\u00e7as pr\u00f3ximas da linha da pobreza ou em risco de pobreza e exclus\u00e3o aumentou todos os anos, a partir de 2008, atingindo j\u00e1 quase de um ter\u00e7o nos pa\u00edses listados. A conclus\u00e3o consta de um relat\u00f3rio lan\u00e7ado nesta quinta-feira na Irlanda, <em>O Impacto da Crise Europeia \u2013 A Resposta da C\u00e1ritas \u00e0 Austeridade<\/em>, que ser\u00e1 apresentado em Portugal a 6 de Mar\u00e7o.<\/p>\n<p>\u201cA pobreza infantil \u00e9 um sintoma da pobreza crescente. Mas \u00e9 inaceit\u00e1vel\u201d, considera Deirdre de Burca. A respons\u00e1vel pelas pol\u00edticas sociais da C\u00e1ritas Europa fala ao P\u00daBLICO a partir de Dublin, onde o relat\u00f3rio come\u00e7ou por ser publicado, antes do lan\u00e7amento em cada um dos cinco pa\u00edses analisados, por ser a Irlanda que preside actualmente\u00a0\u00e0 Uni\u00e3o Europeia (UE). &#8220;Inaceit\u00e1vel\u201d e \u201cpreocupante\u201d, se olharmos para o futuro, diz a especialista, que evoca o risco de uma ou v\u00e1rias gera\u00e7\u00f5es perdidas nestes cinco pa\u00edses. \u00c9 sobre isso que a C\u00e1ritas Europa quer p\u00f4r os governantes e as institui\u00e7\u00f5es que imp\u00f5em a austeridade a reflectir.<\/p>\n<p>ver o artigo no <a href=\"http:\/\/www.publico.pt\/sociedade\/noticia\/portugal-e-dos-paises-onde-maior-austeridade-significa-mais-pobreza-infantil-1584448\" target=\"_blank\">P\u00fablico on-line<\/a><\/p>\n","protected":false},"excerpt":{"rendered":"<p>artigo de 14 de fevereiro de 2013 Portugal, Gr\u00e9cia, Irlanda n\u00e3o t\u00eam apenas em comum estarem inclu\u00eddos num programa de assist\u00eancia econ\u00f3mica e financeira para reduzir drasticamente o peso da d\u00edvida p\u00fablica e reconquistar a confian\u00e7a dos mercados nas suas &hellip; <a href=\"https:\/\/www.adavaveiro.org\/?p=2878\">Continuar a ler <span class=\"meta-nav\">&rarr;<\/span><\/a><\/p>\n","protected":false},"author":1,"featured_media":0,"comment_status":"closed","ping_status":"closed","sticky":false,"template":"","format":"standard","meta":{"footnotes":""},"categories":[20],"tags":[],"class_list":["post-2878","post","type-post","status-publish","format-standard","hentry","category-informacao"],"_links":{"self":[{"href":"https:\/\/www.adavaveiro.org\/index.php?rest_route=\/wp\/v2\/posts\/2878","targetHints":{"allow":["GET"]}}],"collection":[{"href":"https:\/\/www.adavaveiro.org\/index.php?rest_route=\/wp\/v2\/posts"}],"about":[{"href":"https:\/\/www.adavaveiro.org\/index.php?rest_route=\/wp\/v2\/types\/post"}],"author":[{"embeddable":true,"href":"https:\/\/www.adavaveiro.org\/index.php?rest_route=\/wp\/v2\/users\/1"}],"replies":[{"embeddable":true,"href":"https:\/\/www.adavaveiro.org\/index.php?rest_route=%2Fwp%2Fv2%2Fcomments&post=2878"}],"version-history":[{"count":4,"href":"https:\/\/www.adavaveiro.org\/index.php?rest_route=\/wp\/v2\/posts\/2878\/revisions"}],"predecessor-version":[{"id":2884,"href":"https:\/\/www.adavaveiro.org\/index.php?rest_route=\/wp\/v2\/posts\/2878\/revisions\/2884"}],"wp:attachment":[{"href":"https:\/\/www.adavaveiro.org\/index.php?rest_route=%2Fwp%2Fv2%2Fmedia&parent=2878"}],"wp:term":[{"taxonomy":"category","embeddable":true,"href":"https:\/\/www.adavaveiro.org\/index.php?rest_route=%2Fwp%2Fv2%2Fcategories&post=2878"},{"taxonomy":"post_tag","embeddable":true,"href":"https:\/\/www.adavaveiro.org\/index.php?rest_route=%2Fwp%2Fv2%2Ftags&post=2878"}],"curies":[{"name":"wp","href":"https:\/\/api.w.org\/{rel}","templated":true}]}}