{"id":2895,"date":"2013-03-11T21:24:30","date_gmt":"2013-03-11T21:24:30","guid":{"rendered":"http:\/\/www.adavaveiro.org\/?p=2895"},"modified":"2013-03-11T21:33:14","modified_gmt":"2013-03-11T21:33:14","slug":"um-de-nos","status":"publish","type":"post","link":"https:\/\/www.adavaveiro.org\/?p=2895","title":{"rendered":"um de n\u00f3s"},"content":{"rendered":"<h1 style=\"text-align: center;\"><strong><span style=\"color: #000080;\">assine a peti\u00e7\u00e3o <a href=\"http:\/\/www.oneofus.eu\/pt-pt\/\" target=\"_blank\">AQUI<\/a><br \/>\n<\/span><\/strong><\/h1>\n<p><a href=\"http:\/\/www.adavaveiro.org\/?attachment_id=2896\" rel=\"attachment wp-att-2896\"><img loading=\"lazy\" decoding=\"async\" class=\"aligncenter size-full wp-image-2896\" alt=\"one_of_us_logo\" src=\"http:\/\/www.adavaveiro.org\/wp-content\/uploads\/2013\/03\/one_of_us_logo.png\" width=\"223\" height=\"120\" \/><\/a><\/p>\n<p><span style=\"color: #000000;\">Participe na Iniciativa de Cidad\u00e3os Europeus \u201cUm de n\u00f3s\u201d (\u201cOne of us\u201d). \u00c9 preciso um milh\u00e3o de assinaturas para for\u00e7ar a Uni\u00e3o Europeia a legislar sobre uma cultura de Vida na Europa, impedindo o financiamento de experimenta\u00e7\u00f5es que impliquem a destrui\u00e7\u00e3o de embri\u00f5es e a promo\u00e7\u00e3o do aborto em pa\u00edses fora da Uni\u00e3o Europeia. Em Portugal a Federa\u00e7\u00e3o Portuguesa pela Vida e muitas outras organiza\u00e7\u00f5es promovem esta Iniciativa e a recolha de assinaturas.<\/span><\/p>\n","protected":false},"excerpt":{"rendered":"<p>assine a peti\u00e7\u00e3o AQUI Participe na Iniciativa de Cidad\u00e3os Europeus \u201cUm de n\u00f3s\u201d (\u201cOne of us\u201d). \u00c9 preciso um milh\u00e3o de assinaturas para for\u00e7ar a Uni\u00e3o Europeia a legislar sobre uma cultura de Vida na Europa, impedindo o financiamento de &hellip; <a href=\"https:\/\/www.adavaveiro.org\/?p=2895\">Continuar a ler <span class=\"meta-nav\">&rarr;<\/span><\/a><\/p>\n","protected":false},"author":1,"featured_media":0,"comment_status":"closed","ping_status":"closed","sticky":false,"template":"","format":"standard","meta":{"footnotes":""},"categories":[13],"tags":[],"class_list":["post-2895","post","type-post","status-publish","format-standard","hentry","category-colaborar"],"_links":{"self":[{"href":"https:\/\/www.adavaveiro.org\/index.php?rest_route=\/wp\/v2\/posts\/2895","targetHints":{"allow":["GET"]}}],"collection":[{"href":"https:\/\/www.adavaveiro.org\/index.php?rest_route=\/wp\/v2\/posts"}],"about":[{"href":"https:\/\/www.adavaveiro.org\/index.php?rest_route=\/wp\/v2\/types\/post"}],"author":[{"embeddable":true,"href":"https:\/\/www.adavaveiro.org\/index.php?rest_route=\/wp\/v2\/users\/1"}],"replies":[{"embeddable":true,"href":"https:\/\/www.adavaveiro.org\/index.php?rest_route=%2Fwp%2Fv2%2Fcomments&post=2895"}],"version-history":[{"count":10,"href":"https:\/\/www.adavaveiro.org\/index.php?rest_route=\/wp\/v2\/posts\/2895\/revisions"}],"predecessor-version":[{"id":2900,"href":"https:\/\/www.adavaveiro.org\/index.php?rest_route=\/wp\/v2\/posts\/2895\/revisions\/2900"}],"wp:attachment":[{"href":"https:\/\/www.adavaveiro.org\/index.php?rest_route=%2Fwp%2Fv2%2Fmedia&parent=2895"}],"wp:term":[{"taxonomy":"category","embeddable":true,"href":"https:\/\/www.adavaveiro.org\/index.php?rest_route=%2Fwp%2Fv2%2Fcategories&post=2895"},{"taxonomy":"post_tag","embeddable":true,"href":"https:\/\/www.adavaveiro.org\/index.php?rest_route=%2Fwp%2Fv2%2Ftags&post=2895"}],"curies":[{"name":"wp","href":"https:\/\/api.w.org\/{rel}","templated":true}]}}