{"id":2934,"date":"2013-04-10T15:11:23","date_gmt":"2013-04-10T15:11:23","guid":{"rendered":"http:\/\/www.adavaveiro.org\/?p=2934"},"modified":"2013-04-12T19:55:54","modified_gmt":"2013-04-12T19:55:54","slug":"na-feira-de-marco","status":"publish","type":"post","link":"https:\/\/www.adavaveiro.org\/?p=2934","title":{"rendered":"na feira de Mar\u00e7o"},"content":{"rendered":"<p><a href=\"http:\/\/www.adavaveiro.org\/?attachment_id=2938\" rel=\"attachment wp-att-2938\"><img loading=\"lazy\" decoding=\"async\" class=\"aligncenter size-thumbnail wp-image-2938\" alt=\"criancas_VER\" src=\"http:\/\/www.adavaveiro.org\/wp-content\/uploads\/2013\/04\/criancas_VER-260x173.jpg\" width=\"260\" height=\"173\" srcset=\"https:\/\/www.adavaveiro.org\/wp-content\/uploads\/2013\/04\/criancas_VER-260x173.jpg 260w, https:\/\/www.adavaveiro.org\/wp-content\/uploads\/2013\/04\/criancas_VER-300x199.jpg 300w, https:\/\/www.adavaveiro.org\/wp-content\/uploads\/2013\/04\/criancas_VER-1024x681.jpg 1024w, https:\/\/www.adavaveiro.org\/wp-content\/uploads\/2013\/04\/criancas_VER.jpg 1600w\" sizes=\"auto, (max-width: 260px) 100vw, 260px\" \/><\/a><\/p>\n<p>Na Feira de Mar\u00e7o, no pavilh\u00e3o principal, em espa\u00e7o gentilmente cedido pelo Rotary Club de Aveiro, a ADAV AVEIRO marca presen\u00e7a at\u00e9 ao final desta semana.<br \/>\nConvidamo-vos a passar por l\u00e1!<\/p>\n<p>Obrigada!<\/p>\n<p>A Dire\u00e7\u00e3o<\/p>\n","protected":false},"excerpt":{"rendered":"<p>Na Feira de Mar\u00e7o, no pavilh\u00e3o principal, em espa\u00e7o gentilmente cedido pelo Rotary Club de Aveiro, a ADAV AVEIRO marca presen\u00e7a at\u00e9 ao final desta semana. Convidamo-vos a passar por l\u00e1! Obrigada! A Dire\u00e7\u00e3o<\/p>\n","protected":false},"author":1,"featured_media":0,"comment_status":"closed","ping_status":"closed","sticky":false,"template":"","format":"standard","meta":{"footnotes":""},"categories":[13],"tags":[],"class_list":["post-2934","post","type-post","status-publish","format-standard","hentry","category-colaborar"],"_links":{"self":[{"href":"https:\/\/www.adavaveiro.org\/index.php?rest_route=\/wp\/v2\/posts\/2934","targetHints":{"allow":["GET"]}}],"collection":[{"href":"https:\/\/www.adavaveiro.org\/index.php?rest_route=\/wp\/v2\/posts"}],"about":[{"href":"https:\/\/www.adavaveiro.org\/index.php?rest_route=\/wp\/v2\/types\/post"}],"author":[{"embeddable":true,"href":"https:\/\/www.adavaveiro.org\/index.php?rest_route=\/wp\/v2\/users\/1"}],"replies":[{"embeddable":true,"href":"https:\/\/www.adavaveiro.org\/index.php?rest_route=%2Fwp%2Fv2%2Fcomments&post=2934"}],"version-history":[{"count":6,"href":"https:\/\/www.adavaveiro.org\/index.php?rest_route=\/wp\/v2\/posts\/2934\/revisions"}],"predecessor-version":[{"id":2949,"href":"https:\/\/www.adavaveiro.org\/index.php?rest_route=\/wp\/v2\/posts\/2934\/revisions\/2949"}],"wp:attachment":[{"href":"https:\/\/www.adavaveiro.org\/index.php?rest_route=%2Fwp%2Fv2%2Fmedia&parent=2934"}],"wp:term":[{"taxonomy":"category","embeddable":true,"href":"https:\/\/www.adavaveiro.org\/index.php?rest_route=%2Fwp%2Fv2%2Fcategories&post=2934"},{"taxonomy":"post_tag","embeddable":true,"href":"https:\/\/www.adavaveiro.org\/index.php?rest_route=%2Fwp%2Fv2%2Ftags&post=2934"}],"curies":[{"name":"wp","href":"https:\/\/api.w.org\/{rel}","templated":true}]}}