{"id":2941,"date":"2013-04-11T13:57:54","date_gmt":"2013-04-11T13:57:54","guid":{"rendered":"http:\/\/www.adavaveiro.org\/?p=2941"},"modified":"2013-04-12T19:56:30","modified_gmt":"2013-04-12T19:56:30","slug":"dia-da-partilha","status":"publish","type":"post","link":"https:\/\/www.adavaveiro.org\/?p=2941","title":{"rendered":"dia da Partilha"},"content":{"rendered":"<p><a href=\"http:\/\/www.adavaveiro.org\/?attachment_id=2942\" rel=\"attachment wp-att-2942\"><img loading=\"lazy\" decoding=\"async\" class=\"aligncenter size-thumbnail wp-image-2942\" alt=\"diapartilha\" src=\"http:\/\/www.adavaveiro.org\/wp-content\/uploads\/2013\/04\/diapartilha-260x188.jpg\" width=\"260\" height=\"188\" srcset=\"https:\/\/www.adavaveiro.org\/wp-content\/uploads\/2013\/04\/diapartilha-260x188.jpg 260w, https:\/\/www.adavaveiro.org\/wp-content\/uploads\/2013\/04\/diapartilha-300x217.jpg 300w, https:\/\/www.adavaveiro.org\/wp-content\/uploads\/2013\/04\/diapartilha.jpg 470w\" sizes=\"auto, (max-width: 260px) 100vw, 260px\" \/><\/a><\/p>\n<p>Hoje, \u00e9 o dia da Partilha na Diocese de Aveiro e a ADAV \u00e9 uma das institui\u00e7\u00f5es que vai usufruir da partilha das pessoas da Diocese de Aveiro. Por isso&#8230; partilhe! As fam\u00edlias por n\u00f3s apoiadas agradecem!<\/p>\n<p>Bem-haja!<\/p>\n<p>A Dire\u00e7\u00e3o<\/p>\n","protected":false},"excerpt":{"rendered":"<p>Hoje, \u00e9 o dia da Partilha na Diocese de Aveiro e a ADAV \u00e9 uma das institui\u00e7\u00f5es que vai usufruir da partilha das pessoas da Diocese de Aveiro. Por isso&#8230; partilhe! As fam\u00edlias por n\u00f3s apoiadas agradecem! Bem-haja! A Dire\u00e7\u00e3o<\/p>\n","protected":false},"author":1,"featured_media":0,"comment_status":"closed","ping_status":"closed","sticky":false,"template":"","format":"standard","meta":{"footnotes":""},"categories":[13],"tags":[],"class_list":["post-2941","post","type-post","status-publish","format-standard","hentry","category-colaborar"],"_links":{"self":[{"href":"https:\/\/www.adavaveiro.org\/index.php?rest_route=\/wp\/v2\/posts\/2941","targetHints":{"allow":["GET"]}}],"collection":[{"href":"https:\/\/www.adavaveiro.org\/index.php?rest_route=\/wp\/v2\/posts"}],"about":[{"href":"https:\/\/www.adavaveiro.org\/index.php?rest_route=\/wp\/v2\/types\/post"}],"author":[{"embeddable":true,"href":"https:\/\/www.adavaveiro.org\/index.php?rest_route=\/wp\/v2\/users\/1"}],"replies":[{"embeddable":true,"href":"https:\/\/www.adavaveiro.org\/index.php?rest_route=%2Fwp%2Fv2%2Fcomments&post=2941"}],"version-history":[{"count":4,"href":"https:\/\/www.adavaveiro.org\/index.php?rest_route=\/wp\/v2\/posts\/2941\/revisions"}],"predecessor-version":[{"id":2945,"href":"https:\/\/www.adavaveiro.org\/index.php?rest_route=\/wp\/v2\/posts\/2941\/revisions\/2945"}],"wp:attachment":[{"href":"https:\/\/www.adavaveiro.org\/index.php?rest_route=%2Fwp%2Fv2%2Fmedia&parent=2941"}],"wp:term":[{"taxonomy":"category","embeddable":true,"href":"https:\/\/www.adavaveiro.org\/index.php?rest_route=%2Fwp%2Fv2%2Fcategories&post=2941"},{"taxonomy":"post_tag","embeddable":true,"href":"https:\/\/www.adavaveiro.org\/index.php?rest_route=%2Fwp%2Fv2%2Ftags&post=2941"}],"curies":[{"name":"wp","href":"https:\/\/api.w.org\/{rel}","templated":true}]}}