{"id":2947,"date":"2013-04-12T19:55:38","date_gmt":"2013-04-12T19:55:38","guid":{"rendered":"http:\/\/www.adavaveiro.org\/?p=2947"},"modified":"2013-04-12T19:55:38","modified_gmt":"2013-04-12T19:55:38","slug":"nucleos-concelhios-da-adav-aveiro","status":"publish","type":"post","link":"https:\/\/www.adavaveiro.org\/?p=2947","title":{"rendered":"n\u00facleos concelhios da ADAV Aveiro"},"content":{"rendered":"<p>A Adav-Aveiro deseja, h\u00e1 muito tempo, levar at\u00e9 aos limites do distrito de Aveiro a sua a\u00e7\u00e3o e o seu apoio.<br \/>\nCom o intuito de aproximar esta Associa\u00e7\u00e3o de quem necessita da sua ajuda, a Adav est\u00e1 a criar \u00abn\u00facleos\u00bb concelhios que pretendem assegurar o cumprimento deste objetivo.<br \/>\nNeste momento, temos elementos de contacto nos concelhos de \u00c1gueda, \u00cdlhavo, Murtosa, Sever do Vouga e Vagos.<\/p>\n<p>Para mais informa\u00e7\u00f5es, consulte o <a href=\"http:\/\/adavaveiro.wix.com\/adav\" target=\"_blank\">novo<\/a> site.<\/p>\n","protected":false},"excerpt":{"rendered":"<p>A Adav-Aveiro deseja, h\u00e1 muito tempo, levar at\u00e9 aos limites do distrito de Aveiro a sua a\u00e7\u00e3o e o seu apoio. Com o intuito de aproximar esta Associa\u00e7\u00e3o de quem necessita da sua ajuda, a Adav est\u00e1 a criar \u00abn\u00facleos\u00bb &hellip; <a href=\"https:\/\/www.adavaveiro.org\/?p=2947\">Continuar a ler <span class=\"meta-nav\">&rarr;<\/span><\/a><\/p>\n","protected":false},"author":1,"featured_media":0,"comment_status":"closed","ping_status":"closed","sticky":false,"template":"","format":"standard","meta":{"footnotes":""},"categories":[13],"tags":[],"class_list":["post-2947","post","type-post","status-publish","format-standard","hentry","category-colaborar"],"_links":{"self":[{"href":"https:\/\/www.adavaveiro.org\/index.php?rest_route=\/wp\/v2\/posts\/2947","targetHints":{"allow":["GET"]}}],"collection":[{"href":"https:\/\/www.adavaveiro.org\/index.php?rest_route=\/wp\/v2\/posts"}],"about":[{"href":"https:\/\/www.adavaveiro.org\/index.php?rest_route=\/wp\/v2\/types\/post"}],"author":[{"embeddable":true,"href":"https:\/\/www.adavaveiro.org\/index.php?rest_route=\/wp\/v2\/users\/1"}],"replies":[{"embeddable":true,"href":"https:\/\/www.adavaveiro.org\/index.php?rest_route=%2Fwp%2Fv2%2Fcomments&post=2947"}],"version-history":[{"count":1,"href":"https:\/\/www.adavaveiro.org\/index.php?rest_route=\/wp\/v2\/posts\/2947\/revisions"}],"predecessor-version":[{"id":2948,"href":"https:\/\/www.adavaveiro.org\/index.php?rest_route=\/wp\/v2\/posts\/2947\/revisions\/2948"}],"wp:attachment":[{"href":"https:\/\/www.adavaveiro.org\/index.php?rest_route=%2Fwp%2Fv2%2Fmedia&parent=2947"}],"wp:term":[{"taxonomy":"category","embeddable":true,"href":"https:\/\/www.adavaveiro.org\/index.php?rest_route=%2Fwp%2Fv2%2Fcategories&post=2947"},{"taxonomy":"post_tag","embeddable":true,"href":"https:\/\/www.adavaveiro.org\/index.php?rest_route=%2Fwp%2Fv2%2Ftags&post=2947"}],"curies":[{"name":"wp","href":"https:\/\/api.w.org\/{rel}","templated":true}]}}