{"id":2957,"date":"2013-04-19T20:13:38","date_gmt":"2013-04-19T20:13:38","guid":{"rendered":"http:\/\/www.adavaveiro.org\/?p=2957"},"modified":"2013-04-19T20:17:25","modified_gmt":"2013-04-19T20:17:25","slug":"cientistas-e-bebes-de-5-meses","status":"publish","type":"post","link":"https:\/\/www.adavaveiro.org\/?p=2957","title":{"rendered":"cientistas e beb\u00e9s de 5 meses"},"content":{"rendered":"<p>&nbsp;<\/p>\n<p><a href=\"http:\/\/www.adavaveiro.org\/?attachment_id=2961\" rel=\"attachment wp-att-2961\"><img loading=\"lazy\" decoding=\"async\" class=\"aligncenter size-thumbnail wp-image-2961\" alt=\"imagem_publico\" src=\"http:\/\/www.adavaveiro.org\/wp-content\/uploads\/2013\/04\/imagem_publico-260x214.jpg\" width=\"260\" height=\"214\" srcset=\"https:\/\/www.adavaveiro.org\/wp-content\/uploads\/2013\/04\/imagem_publico-260x214.jpg 260w, https:\/\/www.adavaveiro.org\/wp-content\/uploads\/2013\/04\/imagem_publico-300x247.jpg 300w, https:\/\/www.adavaveiro.org\/wp-content\/uploads\/2013\/04\/imagem_publico.jpg 749w\" sizes=\"auto, (max-width: 260px) 100vw, 260px\" \/><\/a><\/p>\n<p style=\"text-align: center;\">Um dos beb\u00e9s de cinco meses que participaram no estudo com a m\u00e3e<br \/>\nCortesia de Sid Kouider<\/p>\n<p>&nbsp;<\/p>\n<p>Quando \u00e9 que come\u00e7amos a tornar-nos conscientes do mundo que nos rodeia? Segundo os mais recentes resultados, isso poder\u00e1 acontecer muito mais cedo do que se pensava.<\/p>\n<p>Pela primeira vez, foi poss\u00edvel detectar, no c\u00e9rebro de beb\u00e9s com apenas cinco meses de vida, um tipo de actividade cerebral que assinala que a sua consci\u00eancia visual est\u00e1 a emergir. Os resultados s\u00e3o publicados esta sexta-feira na revista <i>Science<\/i>.<\/p>\n<p>(&#8230;)<\/p>\n<p>Sid Kouider e colegas da Ecole Normale Sup\u00e9rieure, em Paris, decidiram testar, atrav\u00e9s da t\u00e9cnica de electroencefalografia, se a segunda fase deste padr\u00e3o de ondas cerebrais se verificava tamb\u00e9m nos beb\u00e9s muito novos. O estudo envolveu 80 crian\u00e7as de cinco, 12 e 15 meses de idade, cuja actividade cerebral foi medida gra\u00e7as a um \u201cgorro\u201d de electrodos, enquanto visionavam s\u00e9ries de imagens dentro das quais estava \u201cescondida\u201d a de uma face humana.<\/p>\n<p>artigo completo <a href=\"http:\/\/www.adavaveiro.org\/?page_id=2959\">AQUI<\/a><\/p>\n<p>ver o artigo no P\u00fablico <a href=\"http:\/\/www.publico.pt\/ciencia\/noticia\/cientistas-detectaram-sinais-de-consciencia-em-bebes-de-cinco-meses-1591913\" target=\"_blank\">on-line<\/a><\/p>\n","protected":false},"excerpt":{"rendered":"<p>&nbsp; Um dos beb\u00e9s de cinco meses que participaram no estudo com a m\u00e3e Cortesia de Sid Kouider &nbsp; Quando \u00e9 que come\u00e7amos a tornar-nos conscientes do mundo que nos rodeia? Segundo os mais recentes resultados, isso poder\u00e1 acontecer muito &hellip; <a href=\"https:\/\/www.adavaveiro.org\/?p=2957\">Continuar a ler <span class=\"meta-nav\">&rarr;<\/span><\/a><\/p>\n","protected":false},"author":1,"featured_media":0,"comment_status":"closed","ping_status":"closed","sticky":false,"template":"","format":"standard","meta":{"footnotes":""},"categories":[20],"tags":[],"class_list":["post-2957","post","type-post","status-publish","format-standard","hentry","category-informacao"],"_links":{"self":[{"href":"https:\/\/www.adavaveiro.org\/index.php?rest_route=\/wp\/v2\/posts\/2957","targetHints":{"allow":["GET"]}}],"collection":[{"href":"https:\/\/www.adavaveiro.org\/index.php?rest_route=\/wp\/v2\/posts"}],"about":[{"href":"https:\/\/www.adavaveiro.org\/index.php?rest_route=\/wp\/v2\/types\/post"}],"author":[{"embeddable":true,"href":"https:\/\/www.adavaveiro.org\/index.php?rest_route=\/wp\/v2\/users\/1"}],"replies":[{"embeddable":true,"href":"https:\/\/www.adavaveiro.org\/index.php?rest_route=%2Fwp%2Fv2%2Fcomments&post=2957"}],"version-history":[{"count":5,"href":"https:\/\/www.adavaveiro.org\/index.php?rest_route=\/wp\/v2\/posts\/2957\/revisions"}],"predecessor-version":[{"id":2965,"href":"https:\/\/www.adavaveiro.org\/index.php?rest_route=\/wp\/v2\/posts\/2957\/revisions\/2965"}],"wp:attachment":[{"href":"https:\/\/www.adavaveiro.org\/index.php?rest_route=%2Fwp%2Fv2%2Fmedia&parent=2957"}],"wp:term":[{"taxonomy":"category","embeddable":true,"href":"https:\/\/www.adavaveiro.org\/index.php?rest_route=%2Fwp%2Fv2%2Fcategories&post=2957"},{"taxonomy":"post_tag","embeddable":true,"href":"https:\/\/www.adavaveiro.org\/index.php?rest_route=%2Fwp%2Fv2%2Ftags&post=2957"}],"curies":[{"name":"wp","href":"https:\/\/api.w.org\/{rel}","templated":true}]}}