{"id":2966,"date":"2013-04-19T20:29:00","date_gmt":"2013-04-19T20:29:00","guid":{"rendered":"http:\/\/www.adavaveiro.org\/?p=2966"},"modified":"2013-04-20T14:33:38","modified_gmt":"2013-04-20T14:33:38","slug":"dia-da-partilha-2","status":"publish","type":"post","link":"https:\/\/www.adavaveiro.org\/?p=2966","title":{"rendered":"dia da Partilha"},"content":{"rendered":"<p><a href=\"http:\/\/www.adavaveiro.org\/?attachment_id=2968\" rel=\"attachment wp-att-2968\"><img loading=\"lazy\" decoding=\"async\" class=\"aligncenter size-thumbnail wp-image-2968\" alt=\"Dia da partilha_abril 2013 (2)\" src=\"http:\/\/www.adavaveiro.org\/wp-content\/uploads\/2013\/04\/Dia-da-partilha_abril-2013-2-195x260.jpg\" width=\"195\" height=\"260\" srcset=\"https:\/\/www.adavaveiro.org\/wp-content\/uploads\/2013\/04\/Dia-da-partilha_abril-2013-2-195x260.jpg 195w, https:\/\/www.adavaveiro.org\/wp-content\/uploads\/2013\/04\/Dia-da-partilha_abril-2013-2-225x300.jpg 225w, https:\/\/www.adavaveiro.org\/wp-content\/uploads\/2013\/04\/Dia-da-partilha_abril-2013-2-768x1024.jpg 768w, https:\/\/www.adavaveiro.org\/wp-content\/uploads\/2013\/04\/Dia-da-partilha_abril-2013-2.jpg 1536w\" sizes=\"auto, (max-width: 195px) 100vw, 195px\" \/><\/a><\/p>\n<p><span style=\"color: #000080;\">Hoje, 19 de abril, da Par\u00f3quia de Nossa Senhora da Gl\u00f3ria e da de Pessegueiro do Vouga chegou o fruto da partilha que os habitantes do lado de c\u00e1 da Ria e os de Sever do Vouga quiseram fazer com as fam\u00edlias que a Adav AVEIRO apoia.<br \/>\n<\/span><\/p>\n<p><span style=\"color: #000080;\">Em nome de todos os que apoiamos, agradecemos as 1107 fraldas e os 152 litros de leite UHT + 38 embalagens de papas l\u00e1cteas +\u00a0 muitos produtos de higiene + roupa de beb\u00e9 + espregui\u00e7adeira e outros bens necess\u00e1rios para os beb\u00e9s.<\/span><\/p>\n<h2 style=\"text-align: center;\"><span style=\"color: #800000;\">Bem-hajam pela partilha!<\/span><\/h2>\n<p><a href=\"http:\/\/www.adavaveiro.org\/?attachment_id=2967\" rel=\"attachment wp-att-2967\"><img loading=\"lazy\" decoding=\"async\" class=\"size-thumbnail wp-image-2967 alignleft\" alt=\"Dia da partilha_abril 2013 (3)\" src=\"http:\/\/www.adavaveiro.org\/wp-content\/uploads\/2013\/04\/Dia-da-partilha_abril-2013-3-195x260.jpg\" width=\"195\" height=\"260\" srcset=\"https:\/\/www.adavaveiro.org\/wp-content\/uploads\/2013\/04\/Dia-da-partilha_abril-2013-3-195x260.jpg 195w, https:\/\/www.adavaveiro.org\/wp-content\/uploads\/2013\/04\/Dia-da-partilha_abril-2013-3-225x300.jpg 225w, https:\/\/www.adavaveiro.org\/wp-content\/uploads\/2013\/04\/Dia-da-partilha_abril-2013-3-768x1024.jpg 768w, https:\/\/www.adavaveiro.org\/wp-content\/uploads\/2013\/04\/Dia-da-partilha_abril-2013-3.jpg 1536w\" sizes=\"auto, (max-width: 195px) 100vw, 195px\" \/><\/a><a href=\"http:\/\/www.adavaveiro.org\/?attachment_id=2969\" rel=\"attachment wp-att-2969\"><img loading=\"lazy\" decoding=\"async\" class=\"aligncenter size-thumbnail wp-image-2969\" alt=\"Dia da partilha_abril 2013 (1)\" src=\"http:\/\/www.adavaveiro.org\/wp-content\/uploads\/2013\/04\/Dia-da-partilha_abril-2013-1-260x195.jpg\" width=\"260\" height=\"195\" srcset=\"https:\/\/www.adavaveiro.org\/wp-content\/uploads\/2013\/04\/Dia-da-partilha_abril-2013-1-260x195.jpg 260w, https:\/\/www.adavaveiro.org\/wp-content\/uploads\/2013\/04\/Dia-da-partilha_abril-2013-1-300x225.jpg 300w, https:\/\/www.adavaveiro.org\/wp-content\/uploads\/2013\/04\/Dia-da-partilha_abril-2013-1-1024x768.jpg 1024w, https:\/\/www.adavaveiro.org\/wp-content\/uploads\/2013\/04\/Dia-da-partilha_abril-2013-1.jpg 2048w\" sizes=\"auto, (max-width: 260px) 100vw, 260px\" \/><\/a><\/p>\n","protected":false},"excerpt":{"rendered":"<p>Hoje, 19 de abril, da Par\u00f3quia de Nossa Senhora da Gl\u00f3ria e da de Pessegueiro do Vouga chegou o fruto da partilha que os habitantes do lado de c\u00e1 da Ria e os de Sever do Vouga quiseram fazer com &hellip; <a href=\"https:\/\/www.adavaveiro.org\/?p=2966\">Continuar a ler <span class=\"meta-nav\">&rarr;<\/span><\/a><\/p>\n","protected":false},"author":1,"featured_media":0,"comment_status":"closed","ping_status":"closed","sticky":false,"template":"","format":"standard","meta":{"footnotes":""},"categories":[20],"tags":[],"class_list":["post-2966","post","type-post","status-publish","format-standard","hentry","category-informacao"],"_links":{"self":[{"href":"https:\/\/www.adavaveiro.org\/index.php?rest_route=\/wp\/v2\/posts\/2966","targetHints":{"allow":["GET"]}}],"collection":[{"href":"https:\/\/www.adavaveiro.org\/index.php?rest_route=\/wp\/v2\/posts"}],"about":[{"href":"https:\/\/www.adavaveiro.org\/index.php?rest_route=\/wp\/v2\/types\/post"}],"author":[{"embeddable":true,"href":"https:\/\/www.adavaveiro.org\/index.php?rest_route=\/wp\/v2\/users\/1"}],"replies":[{"embeddable":true,"href":"https:\/\/www.adavaveiro.org\/index.php?rest_route=%2Fwp%2Fv2%2Fcomments&post=2966"}],"version-history":[{"count":9,"href":"https:\/\/www.adavaveiro.org\/index.php?rest_route=\/wp\/v2\/posts\/2966\/revisions"}],"predecessor-version":[{"id":2974,"href":"https:\/\/www.adavaveiro.org\/index.php?rest_route=\/wp\/v2\/posts\/2966\/revisions\/2974"}],"wp:attachment":[{"href":"https:\/\/www.adavaveiro.org\/index.php?rest_route=%2Fwp%2Fv2%2Fmedia&parent=2966"}],"wp:term":[{"taxonomy":"category","embeddable":true,"href":"https:\/\/www.adavaveiro.org\/index.php?rest_route=%2Fwp%2Fv2%2Fcategories&post=2966"},{"taxonomy":"post_tag","embeddable":true,"href":"https:\/\/www.adavaveiro.org\/index.php?rest_route=%2Fwp%2Fv2%2Ftags&post=2966"}],"curies":[{"name":"wp","href":"https:\/\/api.w.org\/{rel}","templated":true}]}}