{"id":3003,"date":"2013-05-01T08:52:38","date_gmt":"2013-05-01T08:52:38","guid":{"rendered":"http:\/\/www.adavaveiro.org\/?p=3003"},"modified":"2013-05-01T09:04:38","modified_gmt":"2013-05-01T09:04:38","slug":"iv-ciclo-de-cinema","status":"publish","type":"post","link":"https:\/\/www.adavaveiro.org\/?p=3003","title":{"rendered":"IV ciclo de cinema"},"content":{"rendered":"<p><strong><span style=\"color: #000000;\">Dia da VIDA<\/span><\/strong><\/p>\n<p><strong><span style=\"color: #000000;\">VIDA HUMANA E DEFICI\u00caNCIA &#8211; quem pode decidir que vidas s\u00e3o dignas?<\/span><\/strong><\/p>\n<p><strong><span style=\"color: #000000;\">10h &#8211; Proje\u00e7\u00e3o do filme <em>O Escafandro e a Borboleta<\/em> seguida de col\u00f3quio com o Diretor do Servi\u00e7o de Humaniza\u00e7\u00e3o do Hospital de S. Jo\u00e3o do Porto, Dr. Filipe Almeida<\/span><\/strong><\/p>\n<p><strong><span style=\"color: #000000;\">15h &#8211; proje\u00e7\u00e3o do filme <em>O Fiel Jardineiro<\/em> seguida de col\u00f3quio com a Diretora do Instituto de Bio\u00e9tica UCP, Dra. Ana Sogia Carva<\/span><span style=\"color: #000000;\">lho<\/span><\/strong><\/p>\n<p><strong><span style=\"color: #000000;\">21h &#8211; concerto VIDA &#8211; Quarteto Noscalla &#8211; DECA &#8211; AVEIRO<\/span><\/strong><\/p>\n<p><a href=\"http:\/\/www.adavaveiro.org\/?attachment_id=3004\" rel=\"attachment wp-att-3004\"><img loading=\"lazy\" decoding=\"async\" class=\"aligncenter size-thumbnail wp-image-3004\" alt=\"CARTAZ IV CICLO DE CINEMA\" src=\"http:\/\/www.adavaveiro.org\/wp-content\/uploads\/2013\/05\/CARTAZ-IV-CICLO-DE-CINEMA-185x260.jpg\" width=\"185\" height=\"260\" srcset=\"https:\/\/www.adavaveiro.org\/wp-content\/uploads\/2013\/05\/CARTAZ-IV-CICLO-DE-CINEMA-185x260.jpg 185w, https:\/\/www.adavaveiro.org\/wp-content\/uploads\/2013\/05\/CARTAZ-IV-CICLO-DE-CINEMA-213x300.jpg 213w, https:\/\/www.adavaveiro.org\/wp-content\/uploads\/2013\/05\/CARTAZ-IV-CICLO-DE-CINEMA-729x1024.jpg 729w, https:\/\/www.adavaveiro.org\/wp-content\/uploads\/2013\/05\/CARTAZ-IV-CICLO-DE-CINEMA.jpg 1709w\" sizes=\"auto, (max-width: 185px) 100vw, 185px\" \/><\/a><\/p>\n","protected":false},"excerpt":{"rendered":"<p>Dia da VIDA VIDA HUMANA E DEFICI\u00caNCIA &#8211; quem pode decidir que vidas s\u00e3o dignas? 10h &#8211; Proje\u00e7\u00e3o do filme O Escafandro e a Borboleta seguida de col\u00f3quio com o Diretor do Servi\u00e7o de Humaniza\u00e7\u00e3o do Hospital de S. Jo\u00e3o &hellip; <a href=\"https:\/\/www.adavaveiro.org\/?p=3003\">Continuar a ler <span class=\"meta-nav\">&rarr;<\/span><\/a><\/p>\n","protected":false},"author":1,"featured_media":0,"comment_status":"closed","ping_status":"closed","sticky":false,"template":"","format":"standard","meta":{"footnotes":""},"categories":[24,9],"tags":[],"class_list":["post-3003","post","type-post","status-publish","format-standard","hentry","category-formacao","category-refletir"],"_links":{"self":[{"href":"https:\/\/www.adavaveiro.org\/index.php?rest_route=\/wp\/v2\/posts\/3003","targetHints":{"allow":["GET"]}}],"collection":[{"href":"https:\/\/www.adavaveiro.org\/index.php?rest_route=\/wp\/v2\/posts"}],"about":[{"href":"https:\/\/www.adavaveiro.org\/index.php?rest_route=\/wp\/v2\/types\/post"}],"author":[{"embeddable":true,"href":"https:\/\/www.adavaveiro.org\/index.php?rest_route=\/wp\/v2\/users\/1"}],"replies":[{"embeddable":true,"href":"https:\/\/www.adavaveiro.org\/index.php?rest_route=%2Fwp%2Fv2%2Fcomments&post=3003"}],"version-history":[{"count":4,"href":"https:\/\/www.adavaveiro.org\/index.php?rest_route=\/wp\/v2\/posts\/3003\/revisions"}],"predecessor-version":[{"id":3006,"href":"https:\/\/www.adavaveiro.org\/index.php?rest_route=\/wp\/v2\/posts\/3003\/revisions\/3006"}],"wp:attachment":[{"href":"https:\/\/www.adavaveiro.org\/index.php?rest_route=%2Fwp%2Fv2%2Fmedia&parent=3003"}],"wp:term":[{"taxonomy":"category","embeddable":true,"href":"https:\/\/www.adavaveiro.org\/index.php?rest_route=%2Fwp%2Fv2%2Fcategories&post=3003"},{"taxonomy":"post_tag","embeddable":true,"href":"https:\/\/www.adavaveiro.org\/index.php?rest_route=%2Fwp%2Fv2%2Ftags&post=3003"}],"curies":[{"name":"wp","href":"https:\/\/api.w.org\/{rel}","templated":true}]}}