{"id":302,"date":"2010-05-08T17:49:21","date_gmt":"2010-05-08T17:49:21","guid":{"rendered":"http:\/\/www.adavaveiro.org\/?p=302"},"modified":"2010-05-08T17:56:31","modified_gmt":"2010-05-08T17:56:31","slug":"no-facebook-contra-o-aborto","status":"publish","type":"post","link":"https:\/\/www.adavaveiro.org\/?p=302","title":{"rendered":"no facebook contra o aborto"},"content":{"rendered":"<p><a href=\"http:\/\/www.adavaveiro.org\/wp-content\/uploads\/vida-no-ventre12.jpg\"><img loading=\"lazy\" decoding=\"async\" class=\"alignleft size-thumbnail wp-image-311\" title=\"vida-no-ventre1\" src=\"http:\/\/www.adavaveiro.org\/wp-content\/uploads\/vida-no-ventre12-150x150.jpg\" alt=\"\" width=\"150\" height=\"150\" \/><\/a>H\u00e1 v\u00e1rias p\u00e1ginas no Facebook contra o Aborto.<br \/>\nVale a pena passar por l\u00e1, e inscrever-se nelas tamb\u00e9m!<\/p>\n<p><a href=\"http:\/\/www.adavaveiro.org\/wp-content\/uploads\/aborto_nao1.jpg\"><\/a><a href=\"http:\/\/www.adavaveiro.org\/wp-content\/uploads\/imagem_olhar.jpg\"><\/a><\/p>\n<p><a href=\"http:\/\/www.facebook.com\/pages\/Contra-o-Aborto\/107319799297234\">http:\/\/www.facebook.com\/pages\/Contra-o-Aborto\/107319799297234<\/a><\/p>\n<p><a href=\"http:\/\/www.facebook.com\/pages\/RED-MUNDIAL-CONTRA-EL-ABORTO\/370056308320\">http:\/\/www.facebook.com\/pages\/RED-MUNDIAL-CONTRA-EL-ABORTO\/370056308320<\/a><a href=\"http:\/\/www.facebook.com\/album.php?profile=1&amp;id=370056308320#!\/pages\/RED-MUNDIAL-CONTRA-EL-ABORTO\/370056308320\">ABORTO\/370056308320<\/a><\/p>\n","protected":false},"excerpt":{"rendered":"<p>H\u00e1 v\u00e1rias p\u00e1ginas no Facebook contra o Aborto. Vale a pena passar por l\u00e1, e inscrever-se nelas tamb\u00e9m! http:\/\/www.facebook.com\/pages\/Contra-o-Aborto\/107319799297234 http:\/\/www.facebook.com\/pages\/RED-MUNDIAL-CONTRA-EL-ABORTO\/370056308320ABORTO\/370056308320<\/p>\n","protected":false},"author":1,"featured_media":0,"comment_status":"closed","ping_status":"closed","sticky":false,"template":"","format":"standard","meta":{"footnotes":""},"categories":[9],"tags":[],"class_list":["post-302","post","type-post","status-publish","format-standard","hentry","category-refletir"],"_links":{"self":[{"href":"https:\/\/www.adavaveiro.org\/index.php?rest_route=\/wp\/v2\/posts\/302","targetHints":{"allow":["GET"]}}],"collection":[{"href":"https:\/\/www.adavaveiro.org\/index.php?rest_route=\/wp\/v2\/posts"}],"about":[{"href":"https:\/\/www.adavaveiro.org\/index.php?rest_route=\/wp\/v2\/types\/post"}],"author":[{"embeddable":true,"href":"https:\/\/www.adavaveiro.org\/index.php?rest_route=\/wp\/v2\/users\/1"}],"replies":[{"embeddable":true,"href":"https:\/\/www.adavaveiro.org\/index.php?rest_route=%2Fwp%2Fv2%2Fcomments&post=302"}],"version-history":[{"count":9,"href":"https:\/\/www.adavaveiro.org\/index.php?rest_route=\/wp\/v2\/posts\/302\/revisions"}],"predecessor-version":[{"id":313,"href":"https:\/\/www.adavaveiro.org\/index.php?rest_route=\/wp\/v2\/posts\/302\/revisions\/313"}],"wp:attachment":[{"href":"https:\/\/www.adavaveiro.org\/index.php?rest_route=%2Fwp%2Fv2%2Fmedia&parent=302"}],"wp:term":[{"taxonomy":"category","embeddable":true,"href":"https:\/\/www.adavaveiro.org\/index.php?rest_route=%2Fwp%2Fv2%2Fcategories&post=302"},{"taxonomy":"post_tag","embeddable":true,"href":"https:\/\/www.adavaveiro.org\/index.php?rest_route=%2Fwp%2Fv2%2Ftags&post=302"}],"curies":[{"name":"wp","href":"https:\/\/api.w.org\/{rel}","templated":true}]}}