{"id":3020,"date":"2013-05-07T06:19:07","date_gmt":"2013-05-07T06:19:07","guid":{"rendered":"http:\/\/www.adavaveiro.org\/?p=3020"},"modified":"2013-05-07T06:19:34","modified_gmt":"2013-05-07T06:19:34","slug":"testemunho-de-uma-mae","status":"publish","type":"post","link":"https:\/\/www.adavaveiro.org\/?p=3020","title":{"rendered":"testemunho de uma m\u00e3e"},"content":{"rendered":"<p>Testemunho emocionado de uma jovem m\u00e3e que vale a pena ler este texto publicado no <em>facebook<\/em> do <strong>Portugal pro Vida no dia 6 de maio de 2013.<\/strong><\/p>\n<p style=\"text-align: left;\"><strong><span style=\"color: #003300;\"><br \/>\nEXTRAORDIN\u00c1RIO TESTEMUNHO RECEBIDO POR MENSAGEM (Pessoa identificada)<\/span><\/strong><\/p>\n<p>Boa noite, ando h\u00e1 duas semanas para encontrar o local certo onde me dirigir para vos agradecer e vos deixar o meu testemunho.<\/p>\n<p>Eu descobri que estava gr\u00e1vida no dia 14 de Abril, s\u00f3 pensava que n\u00e3o tinha condi\u00e7\u00f5es para dar a um filho. Dirigi-me ao hospital e disse que queria fazer um aborto, no hospital n\u00e3o o faziam, mas encaminharam-me para a Clinica dos Arcos em Lisboa.<br \/>\nNo dia 16 dirigi-me \u00e0 consulta pr\u00e9via com o meu namorado, ele secretamente n\u00e3o queria que eu abortasse, nunca me disse, apenas me disse que na minha decis\u00e3o me apoiaria.<br \/>\nQuando dei com a cl\u00ednica, fomos abordados por um senhor negro (chamo-lhe assim para que tenha a m\u00ednima hip\u00f3tese de vir a descobrir quem ele \u00e9, e agradecer-lhe), eu virei-lhe as costas, n\u00e3o queria pensar em mais nada, queria apenas que terminasse aquilo que parecia um pesadelo na altura, perante o choque, a ocasi\u00e3o, os conselhos que tinha das amigas e o medo quase mortal de desiludir os meus pais, principalmente a minha m\u00e3e que \u00e9 a mulher da minha vida. No entanto o meu namorado falou com esse Senhor. Que lhe mostrou em parte o lado negro que eu tentava encobrir.<br \/>\nQuando ele entrou na cl\u00ednica eu j\u00e1 estava l\u00e1 sentada a espera que me chamassem. Fiz todos os exames e mandaram-me passar la para abortar no dia 23 de Abril.<br \/>\nEu pensei: dentro de uma semana est\u00e1 tudo acabado. Fui para casa pensar, no primeiro dia nada mudou&#8230; No segundo dia tive acessos de raiva contra pensamentos que me inundavam, o cd que deram ao meu namorado eu negava-me a sequer v\u00ea-lo.<\/p>\n<p>Na Sexta-Feira dia 29 de Abril, tomei banho mas continuava a sentir-me suja, suja com a culpa, suja com o remorso do que ainda n\u00e3o tinha feito. Ent\u00e3o cansei-me de esconder, marquei o numero da minha m\u00e3e, j\u00e1 a chorar contei-lhe o que se estava a passar, e a resposta dela foi surpreendente: -Toma a decis\u00e3o que achares correcta, apoiar-te-ei independentemente do que fa\u00e7as.<br \/>\nNeste momento o meu cora\u00e7\u00e3o falou mais alto que as mil e uma raz\u00f5es que me levaram a querer abortar e disse-lhe em pranto: mas eu n\u00e3o quero abortar m\u00e3e!<br \/>\nEsta grande mulher apoiou-me, ajudou-me e foi o pilar que eu precisava para eu ter a coragem de deixar este milagre continuar o seu caminho.<br \/>\nEu desliguei o telefone, e chorei e pedi ao meu filho que n\u00e3o me deixasse, que me perdoasse e que iria protege-lo de tudo e todos.<br \/>\nNo dia seguinte tive v\u00e1rios conselhos de pessoas ligadas \u00e0 sa\u00fade inclusive de que deveria abortar pois tinha feito medica\u00e7\u00e3o que me traria um filho com defici\u00eancias ao mundo. Quebrei de novo. Mas desta vez o meu namorado foi um grande homem, lutou contra tudo, quis saber outras opini\u00f5es, foi a minha for\u00e7a. Mas depois de alguma press\u00e3o est\u00e1vamos os dois perdidos de novo, n\u00e3o quer\u00edamos matar aquele beb\u00e9, fomos para um local longe das vozes do mundo, eu chorava amargamente e num momento de sil\u00eancio ele disse em tom de desespero: Eu s\u00f3 queria um sinal. Nisto eu respondi-lhe: oh amor eu tamb\u00e9m, bastava-me um sinal, alguma coisa seja o que for para n\u00e3o fazer o que n\u00e3o quero. Nisto sem entender porqu\u00ea agarrei no telem\u00f3vel e comecei a escrever o numero da sa\u00fade 24, o meu namorado confuso perguntou-me o que estava a fazer e eu sem saber bem disse-lhe: estou a procura de respostas, vou ligar para a sa\u00fade 24. coloquei as minhas quest\u00f5es, os meus medos, que n\u00e3o eram de trazer um beb\u00e9 deficiente ao mundo mas sim de trazer um beb\u00e9 que viria ao mundo para sofrer. Acalmaram-me e disseram-me que a medica\u00e7\u00e3o que havia tomado n\u00e3o significava qualquer sinal de alarme. Enquanto isso j\u00e1 tinha enviado uma sms a um amigo que estuda medicina que me respondeu o mesmo. No momento tomei uma decis\u00e3o: vou ter este filho. Mais para a noite em conversa com o meu namorado disse-lhe: reparaste? pedimos a Deus um sinal, deu-nos dois&#8230;<\/p>\n<p>No domingo a minha m\u00e3e sugeriu-me marcar uma consulta no Obstetra, assim fiz e curiosamente calhou no preciso dia que tinha marcado para o aborto.<br \/>\n9 semanas e 3 dias disse-me o obstetra, nisto vi os bracinhos do meu beb\u00e9 mexer&#8230; Era como se de dentro de mim soubesse que o via e me dissesse: Obrigado por n\u00e3o teres desistido de mim m\u00e3e. Nisto o m\u00e9dico tornou o som galopante do cora\u00e7\u00e3ozinho do meu beb\u00e9 aud\u00edvel, chorei at\u00e9 n\u00e3o ter mais l\u00e1grimas, pedi perd\u00e3o ao meu filho. Ao sair do obstetra com a certeza que o beb\u00e9 se estava a desenvolver eu fui a F\u00e1tima, comprei 3 velas, duas mais pequenas, uma por mim e outra pelo pai do meu filho, em seguida coloquei a maior de todas ao lado das nossas, pedi perd\u00e3o pelo que tinha pensado fazer, dei gra\u00e7as a Deus e a nossa Senhora de F\u00e1tima e pedi quase que sob afli\u00e7\u00e3o: &#8220;por favor pai (referia-me a Deus) n\u00e3o deixes que a luz do nosso filho se apague antes da nossa&#8221;. Fui embora e com l\u00e1grimas nos olhos ajoelhei-me na capela de nossa senhora e rezei, como nunca tinha rezado na minha vida, agradeci o facto de ter mudado de ideias. Sei que Deus esteve comigo naquele momento t\u00e3o dif\u00edcil.<\/p>\n<p>\u00c9 por isto que quero agradecer a todos os que se encontram a favor desta causa t\u00e3o nobre, antes desta situa\u00e7\u00e3o eu era a favor do aborto, depois de no preciso dia em que tinha marcado a morte do meu filho optar por outro caminho e v\u00ea-lo al\u00ed a acenar com ambos os bra\u00e7os o meu pensamento mudou. E eu mudei a minha opini\u00e3o.<br \/>\nNeste momento tenho 11 semanas de gravidez e pe\u00e7o todos os dias ao meu beb\u00e9 que n\u00e3o desista de viver, que seja forte como tem sido.<br \/>\nQueria agradecer vos e informar-vos que foram o primeiro passo para que se salvasse mais uma vida.<\/p>\n<p>Obrigada por tudo (se quiserem publicar a minha hist\u00f3ria podem faz\u00ea-lo, por favor n\u00e3o publiquem \u00e9 o meu nome verdadeiro (&#8230;) hoje j\u00e1 n\u00e3o considero o aborto um acto de for\u00e7a mas sim de cobardia.<br \/>\nDois beijos enormes, um meu e outro da vida que voc\u00eas ajudaram a salvar. (Pessoa identificada)<\/p>\n","protected":false},"excerpt":{"rendered":"<p>Testemunho emocionado de uma jovem m\u00e3e que vale a pena ler este texto publicado no facebook do Portugal pro Vida no dia 6 de maio de 2013. EXTRAORDIN\u00c1RIO TESTEMUNHO RECEBIDO POR MENSAGEM (Pessoa identificada) Boa noite, ando h\u00e1 duas semanas &hellip; <a href=\"https:\/\/www.adavaveiro.org\/?p=3020\">Continuar a ler <span class=\"meta-nav\">&rarr;<\/span><\/a><\/p>\n","protected":false},"author":1,"featured_media":0,"comment_status":"closed","ping_status":"closed","sticky":false,"template":"","format":"standard","meta":{"footnotes":""},"categories":[9],"tags":[],"class_list":["post-3020","post","type-post","status-publish","format-standard","hentry","category-refletir"],"_links":{"self":[{"href":"https:\/\/www.adavaveiro.org\/index.php?rest_route=\/wp\/v2\/posts\/3020","targetHints":{"allow":["GET"]}}],"collection":[{"href":"https:\/\/www.adavaveiro.org\/index.php?rest_route=\/wp\/v2\/posts"}],"about":[{"href":"https:\/\/www.adavaveiro.org\/index.php?rest_route=\/wp\/v2\/types\/post"}],"author":[{"embeddable":true,"href":"https:\/\/www.adavaveiro.org\/index.php?rest_route=\/wp\/v2\/users\/1"}],"replies":[{"embeddable":true,"href":"https:\/\/www.adavaveiro.org\/index.php?rest_route=%2Fwp%2Fv2%2Fcomments&post=3020"}],"version-history":[{"count":2,"href":"https:\/\/www.adavaveiro.org\/index.php?rest_route=\/wp\/v2\/posts\/3020\/revisions"}],"predecessor-version":[{"id":3022,"href":"https:\/\/www.adavaveiro.org\/index.php?rest_route=\/wp\/v2\/posts\/3020\/revisions\/3022"}],"wp:attachment":[{"href":"https:\/\/www.adavaveiro.org\/index.php?rest_route=%2Fwp%2Fv2%2Fmedia&parent=3020"}],"wp:term":[{"taxonomy":"category","embeddable":true,"href":"https:\/\/www.adavaveiro.org\/index.php?rest_route=%2Fwp%2Fv2%2Fcategories&post=3020"},{"taxonomy":"post_tag","embeddable":true,"href":"https:\/\/www.adavaveiro.org\/index.php?rest_route=%2Fwp%2Fv2%2Ftags&post=3020"}],"curies":[{"name":"wp","href":"https:\/\/api.w.org\/{rel}","templated":true}]}}