{"id":3034,"date":"2013-05-15T16:14:53","date_gmt":"2013-05-15T16:14:53","guid":{"rendered":"http:\/\/www.adavaveiro.org\/?p=3034"},"modified":"2013-05-15T16:22:08","modified_gmt":"2013-05-15T16:22:08","slug":"dia-internacional-da-familia","status":"publish","type":"post","link":"https:\/\/www.adavaveiro.org\/?p=3034","title":{"rendered":"dia internacional da FAM\u00cdLIA"},"content":{"rendered":"<p><span style=\"color: #000000;\">Institu\u00eddo pela Assembleia Geral das Na\u00e7\u00f5es Unidas, o primeiro Dia Internacional da Fam\u00edlia foi celebrado em 1994.<\/span><\/p>\n<p style=\"text-align: center;\"><span style=\"color: #000000;\"><strong>A celebra\u00e7\u00e3o do dia Internacional da Fam\u00edlia visa destacar<\/strong><\/span><\/p>\n<ul>\n<li><span style=\"color: #000000;\">A import\u00e2ncia da fam\u00edlia na estrutura do n\u00facleo familiar e o seu relevo na base da educa\u00e7\u00e3o infantil;<\/span><\/li>\n<li><span style=\"color: #000000;\">Refor\u00e7ar a mensagem de uni\u00e3o, amor, respeito e compreens\u00e3o necess\u00e1rias para o bom relacionamento de todos os elementos que comp\u00f5em a fam\u00edlia;<\/span><\/li>\n<li><span style=\"color: #000000;\">Chamar a aten\u00e7\u00e3o da popula\u00e7\u00e3o para a import\u00e2ncia da fam\u00edlia como n\u00facleo vital da sociedade e para seus direitos e responsabilidades desta;<\/span><\/li>\n<li><span style=\"color: #000000;\">Sensibilizar e promover o conhecimento relacionado com as quest\u00f5es sociais, econ\u00f3micas e demogr\u00e1ficas que afetam a fam\u00edlia.<\/span><\/li>\n<\/ul>\n<p><span style=\"color: #000000;\">\u00a0<a href=\"http:\/\/www.adavaveiro.org\/?attachment_id=3037\" rel=\"attachment wp-att-3037\"><img loading=\"lazy\" decoding=\"async\" class=\"aligncenter size-thumbnail wp-image-3037\" alt=\"KmBerggren-LikeMinded\" src=\"http:\/\/www.adavaveiro.org\/wp-content\/uploads\/2013\/05\/KmBerggren-LikeMinded-260x256.jpg\" width=\"260\" height=\"256\" srcset=\"https:\/\/www.adavaveiro.org\/wp-content\/uploads\/2013\/05\/KmBerggren-LikeMinded-260x256.jpg 260w, https:\/\/www.adavaveiro.org\/wp-content\/uploads\/2013\/05\/KmBerggren-LikeMinded-300x295.jpg 300w, https:\/\/www.adavaveiro.org\/wp-content\/uploads\/2013\/05\/KmBerggren-LikeMinded.jpg 485w\" sizes=\"auto, (max-width: 260px) 100vw, 260px\" \/><\/a><\/span><\/p>\n","protected":false},"excerpt":{"rendered":"<p>Institu\u00eddo pela Assembleia Geral das Na\u00e7\u00f5es Unidas, o primeiro Dia Internacional da Fam\u00edlia foi celebrado em 1994. A celebra\u00e7\u00e3o do dia Internacional da Fam\u00edlia visa destacar A import\u00e2ncia da fam\u00edlia na estrutura do n\u00facleo familiar e o seu relevo na &hellip; <a href=\"https:\/\/www.adavaveiro.org\/?p=3034\">Continuar a ler <span class=\"meta-nav\">&rarr;<\/span><\/a><\/p>\n","protected":false},"author":1,"featured_media":0,"comment_status":"closed","ping_status":"closed","sticky":false,"template":"","format":"standard","meta":{"footnotes":""},"categories":[8],"tags":[],"class_list":["post-3034","post","type-post","status-publish","format-standard","hentry","category-comemoracao"],"_links":{"self":[{"href":"https:\/\/www.adavaveiro.org\/index.php?rest_route=\/wp\/v2\/posts\/3034","targetHints":{"allow":["GET"]}}],"collection":[{"href":"https:\/\/www.adavaveiro.org\/index.php?rest_route=\/wp\/v2\/posts"}],"about":[{"href":"https:\/\/www.adavaveiro.org\/index.php?rest_route=\/wp\/v2\/types\/post"}],"author":[{"embeddable":true,"href":"https:\/\/www.adavaveiro.org\/index.php?rest_route=\/wp\/v2\/users\/1"}],"replies":[{"embeddable":true,"href":"https:\/\/www.adavaveiro.org\/index.php?rest_route=%2Fwp%2Fv2%2Fcomments&post=3034"}],"version-history":[{"count":3,"href":"https:\/\/www.adavaveiro.org\/index.php?rest_route=\/wp\/v2\/posts\/3034\/revisions"}],"predecessor-version":[{"id":3036,"href":"https:\/\/www.adavaveiro.org\/index.php?rest_route=\/wp\/v2\/posts\/3034\/revisions\/3036"}],"wp:attachment":[{"href":"https:\/\/www.adavaveiro.org\/index.php?rest_route=%2Fwp%2Fv2%2Fmedia&parent=3034"}],"wp:term":[{"taxonomy":"category","embeddable":true,"href":"https:\/\/www.adavaveiro.org\/index.php?rest_route=%2Fwp%2Fv2%2Fcategories&post=3034"},{"taxonomy":"post_tag","embeddable":true,"href":"https:\/\/www.adavaveiro.org\/index.php?rest_route=%2Fwp%2Fv2%2Ftags&post=3034"}],"curies":[{"name":"wp","href":"https:\/\/api.w.org\/{rel}","templated":true}]}}