{"id":3039,"date":"2013-05-19T16:32:12","date_gmt":"2013-05-19T16:32:12","guid":{"rendered":"http:\/\/www.adavaveiro.org\/?p=3039"},"modified":"2013-05-19T16:35:41","modified_gmt":"2013-05-19T16:35:41","slug":"entrevista-por-padre-pedro-jose","status":"publish","type":"post","link":"https:\/\/www.adavaveiro.org\/?p=3039","title":{"rendered":"entrevista por Padre Pedro Jos\u00e9"},"content":{"rendered":"<p align=\"center\"><span style=\"color: #000000;\"><b>Entrevista a Padre Pedro Jos\u00e9 Correia<\/b><\/span><\/p>\n<p align=\"center\"><span style=\"color: #000000;\"><b>Por uma aluna de <\/b>Bio\u00e9tica em Psicologia<b> da Universidade de Aveiro<\/b><\/span><\/p>\n<p align=\"center\"><span style=\"color: #000000;\"><b>Abril de 2013<\/b><\/span><\/p>\n<p align=\"center\">\n<p style=\"text-align: left;\" align=\"center\"><span style=\"color: #000000;\">1.\u00a0\u00a0\u00a0\u00a0\u00a0\u00a0\u00a0\u00a0 Descreva a posi\u00e7\u00e3o que a Igreja adota relativamente ao aborto.<\/span><\/p>\n<p><span style=\"color: #000000;\"><i>Conv\u00e9m uma procura de propriedade na linguagem como nos princ\u00edpios. \u201cAb-ortus\u201d o \u201dn\u00e3o nascido\u201d, diz respeito \u00e0 vida gerada. A igreja cat\u00f3lica defende uma promo\u00e7\u00e3o e defesa do Direito \u00e0 Vida. Abertura completa \u00e0 vida humana. N\u00e3o h\u00e1 o direito sobre a vida do outro, por mais embrion\u00e1ria que seja essa vida.<\/i><\/span><\/p>\n<p><span style=\"color: #000000;\"><i>\u00a0<\/i><b>2.<\/b><b>\u00a0\u00a0\u00a0\u00a0\u00a0 <\/b>Relativamente \u00e0 despenaliza\u00e7\u00e3o da interrup\u00e7\u00e3o volunt\u00e1ria da gravidez em Portugal, concorda que veio promover uma certa banaliza\u00e7\u00e3o da sua pr\u00e1tica ou acha que de certa forma contribui para uma maior reflex\u00e3o e pondera\u00e7\u00e3o antes da decis\u00e3o da realiza\u00e7\u00e3o de um aborto?<\/span><\/p>\n<p><span style=\"color: #000000;\"><i>Quando se fala em despenalizar \u2013 a postura da Igreja n\u00e3o \u00e9 \u201ccriminalizar\u201d como se diz em cr\u00edtica pol\u00e9mica; a Igreja quer \u00abcurar\u00bb o descompromisso\u2026e entende que a interrup\u00e7\u00e3o volunt\u00e1ria da gravidez n\u00e3o reduz o problema \u00e0 m\u00e3e. A Igreja entende que \u00abdespenalizar\u00bb \u00e9 relativizar a consci\u00eancia do Valor da Vida. Ao despenalizar n\u00e3o se deixou de tirar a vida a outro ser.<\/i><\/span><\/p>\n<p><a href=\"http:\/\/www.adavaveiro.org\/?attachment_id=3043\" rel=\"attachment wp-att-3043\"><img loading=\"lazy\" decoding=\"async\" class=\"aligncenter size-thumbnail wp-image-3043\" alt=\"menina\" src=\"http:\/\/www.adavaveiro.org\/wp-content\/uploads\/2013\/05\/menina-260x204.jpg\" width=\"260\" height=\"204\" srcset=\"https:\/\/www.adavaveiro.org\/wp-content\/uploads\/2013\/05\/menina-260x204.jpg 260w, https:\/\/www.adavaveiro.org\/wp-content\/uploads\/2013\/05\/menina-300x235.jpg 300w, https:\/\/www.adavaveiro.org\/wp-content\/uploads\/2013\/05\/menina.jpg 400w\" sizes=\"auto, (max-width: 260px) 100vw, 260px\" \/><\/a><\/p>\n<p><span style=\"color: #000000;\">\u00a0<b>3.<\/b><b>\u00a0\u00a0\u00a0\u00a0\u00a0 <\/b>Considera importante que exista acompanhamento psicol\u00f3gico quer para as mulheres que ponderam recorrer ao aborto quer para quem j\u00e1 recorreu a essa pr\u00e1tica?<\/span><\/p>\n<p><span style=\"color: #000000;\">\u00a0<i>Sim, totalmente. O isolamento corroi a dignidade. A mulher deve ser acolhida de forma incondicional. Sem julgamento ou pr\u00e9-ju\u00edzo de valor. Acompanhar \u00e9 prestar ajuda nas decis\u00f5es, no discernimento, ajudar a tomar as decis\u00f5es mais dif\u00edceis e ajudar depois a assumir as consequ\u00eancias. H\u00e1 em Aveiro a <b>ADAV<\/b> uma associa\u00e7\u00e3o de volunt\u00e1rios que faz um trabalho merit\u00f3rio neste \u00e2mbito <\/i><i>CONTACTO: Associa\u00e7\u00e3o de Defesa e Apoio da Vida (ADAV), adavaveiro@hotmail.com; Tel. 234 42 40 40; Mercado de Santiago Sala AH, Apartado 420; 3811-001 AVEIRO pode consultar-se o endere\u00e7o: http:\/\/www.adavaveiro.org\/). <\/i><\/span><\/p>\n<p><span style=\"color: #000000;\">\u00a0<b>4.<\/b><b>\u00a0\u00a0\u00a0\u00a0\u00a0 <\/b>A n\u00edvel religioso, a pr\u00e1tica do aborto remeter-nos-\u00e1 para uma desvaloriza\u00e7\u00e3o da vida humana?<\/span><\/p>\n<p><span style=\"color: #000000;\"><i>N\u00e3o \u00e9 s\u00f3 uma quest\u00e3o do n\u00edvel religioso. O aborto como realidade complexa \u00e9 uma quest\u00e3o que n\u00e3o \u00e9 primeiramente religiosa, \u00e9 uma quest\u00e3o humana. E por isso a \u00e9tica e dignidade da Vida e da Pessoa humana ficam desvalorizadas. \u00c9 uma consequ\u00eancia da \u201csociedade l\u00edquida\u201d, isto \u00e9, relativista, que banaliza o comportamento sexual e afetivo dos envolvidos. <\/i><\/span><\/p>\n<p><span style=\"color: #000000;\">\u00a0<b>5.<\/b><b>\u00a0\u00a0\u00a0\u00a0\u00a0 <\/b>Como reagiria a Igreja, de uma forma em geral, face \u00e0 posi\u00e7\u00e3o de uma mulher, v\u00edtima de viola\u00e7\u00e3o, que ponderaria praticar o ato da interrup\u00e7\u00e3o volunt\u00e1ria da gravidez?<\/span><\/p>\n<p><span style=\"color: #000000;\"><i>\u00c9 uma das situa\u00e7\u00f5es mais dif\u00edceis e tr\u00e1gicas. H\u00e1 que entender a profundidade do trauma. Ser tolerante \u00e9 diferente de ser permissivo. Ter princ\u00edpios n\u00e3o significa postura heroica de vida\u2026 apelava para a Consci\u00eancia e \u201cajudava\u201d a encarar o mais dif\u00edcil respeitando inteiramente a decis\u00e3o tomada, ainda que n\u00e3o fosse a Defesa da vida, mesmo uma vida n\u00e3o-desejada e n\u00e3o-amada. Qualquer que fosse a decis\u00e3o estaria e permaneceria ao seu lado sem julgar <\/i><\/span><\/p>\n<p><span style=\"color: #000000;\">\u00a0<b>6.<\/b><b>\u00a0\u00a0\u00a0\u00a0\u00a0 <\/b>Poderia a ado\u00e7\u00e3o, em alguns casos, mostrar-se uma alternativa para a pr\u00e1tica do ato da interrup\u00e7\u00e3o volunt\u00e1ria da gravidez?<\/span><\/p>\n<p><span style=\"color: #000000;\"><i>Poder\u00e1 ser uma possibilidade concreta. \u00c9 uma porta que se abre. Na decis\u00e3o de abortar \u00e9 um mundo que se fecha e perde sentido. Na ado\u00e7\u00e3o h\u00e1 abertura ao futuro por mais incerto que seja.<\/i><\/span><\/p>\n","protected":false},"excerpt":{"rendered":"<p>Entrevista a Padre Pedro Jos\u00e9 Correia Por uma aluna de Bio\u00e9tica em Psicologia da Universidade de Aveiro Abril de 2013 1.\u00a0\u00a0\u00a0\u00a0\u00a0\u00a0\u00a0\u00a0 Descreva a posi\u00e7\u00e3o que a Igreja adota relativamente ao aborto. Conv\u00e9m uma procura de propriedade na linguagem como nos &hellip; <a href=\"https:\/\/www.adavaveiro.org\/?p=3039\">Continuar a ler <span class=\"meta-nav\">&rarr;<\/span><\/a><\/p>\n","protected":false},"author":1,"featured_media":0,"comment_status":"closed","ping_status":"closed","sticky":false,"template":"","format":"standard","meta":{"footnotes":""},"categories":[11],"tags":[],"class_list":["post-3039","post","type-post","status-publish","format-standard","hentry","category-entrevista"],"_links":{"self":[{"href":"https:\/\/www.adavaveiro.org\/index.php?rest_route=\/wp\/v2\/posts\/3039","targetHints":{"allow":["GET"]}}],"collection":[{"href":"https:\/\/www.adavaveiro.org\/index.php?rest_route=\/wp\/v2\/posts"}],"about":[{"href":"https:\/\/www.adavaveiro.org\/index.php?rest_route=\/wp\/v2\/types\/post"}],"author":[{"embeddable":true,"href":"https:\/\/www.adavaveiro.org\/index.php?rest_route=\/wp\/v2\/users\/1"}],"replies":[{"embeddable":true,"href":"https:\/\/www.adavaveiro.org\/index.php?rest_route=%2Fwp%2Fv2%2Fcomments&post=3039"}],"version-history":[{"count":5,"href":"https:\/\/www.adavaveiro.org\/index.php?rest_route=\/wp\/v2\/posts\/3039\/revisions"}],"predecessor-version":[{"id":3045,"href":"https:\/\/www.adavaveiro.org\/index.php?rest_route=\/wp\/v2\/posts\/3039\/revisions\/3045"}],"wp:attachment":[{"href":"https:\/\/www.adavaveiro.org\/index.php?rest_route=%2Fwp%2Fv2%2Fmedia&parent=3039"}],"wp:term":[{"taxonomy":"category","embeddable":true,"href":"https:\/\/www.adavaveiro.org\/index.php?rest_route=%2Fwp%2Fv2%2Fcategories&post=3039"},{"taxonomy":"post_tag","embeddable":true,"href":"https:\/\/www.adavaveiro.org\/index.php?rest_route=%2Fwp%2Fv2%2Ftags&post=3039"}],"curies":[{"name":"wp","href":"https:\/\/api.w.org\/{rel}","templated":true}]}}