{"id":3047,"date":"2013-05-31T13:50:38","date_gmt":"2013-05-31T13:50:38","guid":{"rendered":"http:\/\/www.adavaveiro.org\/?p=3047"},"modified":"2013-05-31T13:50:38","modified_gmt":"2013-05-31T13:50:38","slug":"um-de-nos-2","status":"publish","type":"post","link":"https:\/\/www.adavaveiro.org\/?p=3047","title":{"rendered":"Um de n\u00f3s"},"content":{"rendered":"<p><a href=\"http:\/\/www.adavaveiro.org\/?attachment_id=2896\" rel=\"attachment wp-att-2896\"><img loading=\"lazy\" decoding=\"async\" class=\"aligncenter size-full wp-image-2896\" alt=\"one_of_us_logo\" src=\"http:\/\/www.adavaveiro.org\/wp-content\/uploads\/2013\/03\/one_of_us_logo.png\" width=\"223\" height=\"120\" \/><\/a><\/p>\n<p><span style=\"font-family: Arial; font-size: small;\">Criamos um site portugu\u00eas da iniciativa <a href=\"http:\/\/www.umdenos.org\/\" target=\"_blank\">\u201cUm de n\u00f3s\u201d<\/a> onde podem obter informa\u00e7\u00e3o sobre a iniciativa e modos de a apoiar. Criamos tamb\u00e9m um novo contacto de mail, sendo partir de agora o contacto preferencial para os assuntos referentes a esta iniciativa. <a href=\"mailto:umdenosportugal@gmail.com\" target=\"_blank\">umdenosportugal@gmail.com<\/a> <\/span><\/p>\n<p><span style=\"font-family: Arial; font-size: small;\">\u00a0Aproveitamos para fazer o ponto da situa\u00e7\u00e3o. Neste momento continuamos a recolher assinaturas e pedimos que todas as que tenham nos sejam enviadas at\u00e9 ao dia <\/span><b><span style=\"font-family: Arial; font-size: large;\">30 de Junho<\/span><\/b><span style=\"font-family: Arial; font-size: small;\">, momento em que faremos um balan\u00e7o. Atualmente falta recolher cerca de 10000 assinaturas para alcan\u00e7ar o m\u00ednimo exigido a Portugal.<\/span><\/p>\n<p><span style=\"font-family: Arial; font-size: small;\">Continuamos a precisar de nos empenhar muito nesta causa para defender o embri\u00e3o na Europa! For\u00e7a!<\/span><\/p>\n","protected":false},"excerpt":{"rendered":"<p>Criamos um site portugu\u00eas da iniciativa \u201cUm de n\u00f3s\u201d onde podem obter informa\u00e7\u00e3o sobre a iniciativa e modos de a apoiar. Criamos tamb\u00e9m um novo contacto de mail, sendo partir de agora o contacto preferencial para os assuntos referentes a &hellip; <a href=\"https:\/\/www.adavaveiro.org\/?p=3047\">Continuar a ler <span class=\"meta-nav\">&rarr;<\/span><\/a><\/p>\n","protected":false},"author":1,"featured_media":0,"comment_status":"closed","ping_status":"closed","sticky":false,"template":"","format":"standard","meta":{"footnotes":""},"categories":[13],"tags":[],"class_list":["post-3047","post","type-post","status-publish","format-standard","hentry","category-colaborar"],"_links":{"self":[{"href":"https:\/\/www.adavaveiro.org\/index.php?rest_route=\/wp\/v2\/posts\/3047","targetHints":{"allow":["GET"]}}],"collection":[{"href":"https:\/\/www.adavaveiro.org\/index.php?rest_route=\/wp\/v2\/posts"}],"about":[{"href":"https:\/\/www.adavaveiro.org\/index.php?rest_route=\/wp\/v2\/types\/post"}],"author":[{"embeddable":true,"href":"https:\/\/www.adavaveiro.org\/index.php?rest_route=\/wp\/v2\/users\/1"}],"replies":[{"embeddable":true,"href":"https:\/\/www.adavaveiro.org\/index.php?rest_route=%2Fwp%2Fv2%2Fcomments&post=3047"}],"version-history":[{"count":1,"href":"https:\/\/www.adavaveiro.org\/index.php?rest_route=\/wp\/v2\/posts\/3047\/revisions"}],"predecessor-version":[{"id":3048,"href":"https:\/\/www.adavaveiro.org\/index.php?rest_route=\/wp\/v2\/posts\/3047\/revisions\/3048"}],"wp:attachment":[{"href":"https:\/\/www.adavaveiro.org\/index.php?rest_route=%2Fwp%2Fv2%2Fmedia&parent=3047"}],"wp:term":[{"taxonomy":"category","embeddable":true,"href":"https:\/\/www.adavaveiro.org\/index.php?rest_route=%2Fwp%2Fv2%2Fcategories&post=3047"},{"taxonomy":"post_tag","embeddable":true,"href":"https:\/\/www.adavaveiro.org\/index.php?rest_route=%2Fwp%2Fv2%2Ftags&post=3047"}],"curies":[{"name":"wp","href":"https:\/\/api.w.org\/{rel}","templated":true}]}}