{"id":3050,"date":"2013-05-31T15:29:37","date_gmt":"2013-05-31T15:29:37","guid":{"rendered":"http:\/\/www.adavaveiro.org\/?p=3050"},"modified":"2013-05-31T15:29:37","modified_gmt":"2013-05-31T15:29:37","slug":"dia-mundial-da-crianca-3","status":"publish","type":"post","link":"https:\/\/www.adavaveiro.org\/?p=3050","title":{"rendered":"dia mundial da Crian\u00e7a"},"content":{"rendered":"<p><a href=\"http:\/\/www.adavaveiro.org\/?attachment_id=2938\" rel=\"attachment wp-att-2938\"><img loading=\"lazy\" decoding=\"async\" class=\"aligncenter size-thumbnail wp-image-2938\" alt=\"criancas_VER\" src=\"http:\/\/www.adavaveiro.org\/wp-content\/uploads\/2013\/04\/criancas_VER-260x173.jpg\" width=\"260\" height=\"173\" srcset=\"https:\/\/www.adavaveiro.org\/wp-content\/uploads\/2013\/04\/criancas_VER-260x173.jpg 260w, https:\/\/www.adavaveiro.org\/wp-content\/uploads\/2013\/04\/criancas_VER-300x199.jpg 300w, https:\/\/www.adavaveiro.org\/wp-content\/uploads\/2013\/04\/criancas_VER-1024x681.jpg 1024w, https:\/\/www.adavaveiro.org\/wp-content\/uploads\/2013\/04\/criancas_VER.jpg 1600w\" sizes=\"auto, (max-width: 260px) 100vw, 260px\" \/><\/a><span style=\"color: #003300;\">\u00c9 um dos dias especial dedicado a todos os meninos e meninas de todo o mundo.<br \/>\nRelembra-se a proclama\u00e7\u00e3o da Conven\u00e7\u00e3o Universal dos Direitos da Crian\u00e7a, que assenta em quatro pilares fundamentais que est\u00e3o relacionados com todos os outros direitos das crian\u00e7as:<\/p>\n<p><b>\u2022 a n\u00e3o discrimina\u00e7\u00e3o,<\/b> que significa que todas as crian\u00e7as t\u00eam o direito de desenvolver todo o seu potencial \u2013<br \/>\ntodas as crian\u00e7as, em todas as circunst\u00e2ncias, em qualquer momento, em qualquer parte do mundo.<\/p>\n<p><b>\u2022 o interesse superior da crian\u00e7a <\/b>deve ser uma considera\u00e7\u00e3o priorit\u00e1ria em todas as ac\u00e7\u00f5es e decis\u00f5es que<br \/>\nlhe digam respeito.<\/p>\n<p><b>\u2022 a sobreviv\u00eancia e desenvolvimento <\/b>sublinha a import\u00e2ncia vital da garantia de acesso a servi\u00e7os b\u00e1sicos e<br \/>\n\u00e0 igualdade de oportunidades para que as crian\u00e7as possam desenvolver-se plenamente.<\/p>\n<p><b>\u2022 a opini\u00e3o da crian\u00e7a<\/b> que significa que a voz das crian\u00e7as deve ser ouvida e tida em conta em todos os assuntos<br \/>\nque se relacionem com os seus direitos.<\/p>\n<p>A Conven\u00e7\u00e3o cont\u00e9m 54 artigos, que podem ser divididos em quatro categorias de direitos:<\/p>\n<p><b>\u2022 os direitos \u00e0 sobreviv\u00eancia <\/b>(ex. o direito a cuidados adequados)<b><br \/>\n\u2022 os direitos relativos ao desenvolvimento <\/b>(ex. o direito \u00e0 educa\u00e7\u00e3o)<b><br \/>\n\u2022 os direitos relativos \u00e0 protec\u00e7\u00e3o <\/b>(ex. o direito de ser protegida contra a explora\u00e7\u00e3o)<b><br \/>\n\u2022 os direitos de participa\u00e7\u00e3o<\/b> (ex. o direito de exprimir a sua pr\u00f3pria opini\u00e3o) <\/span><\/p>\n","protected":false},"excerpt":{"rendered":"<p>\u00c9 um dos dias especial dedicado a todos os meninos e meninas de todo o mundo. Relembra-se a proclama\u00e7\u00e3o da Conven\u00e7\u00e3o Universal dos Direitos da Crian\u00e7a, que assenta em quatro pilares fundamentais que est\u00e3o relacionados com todos os outros direitos &hellip; <a href=\"https:\/\/www.adavaveiro.org\/?p=3050\">Continuar a ler <span class=\"meta-nav\">&rarr;<\/span><\/a><\/p>\n","protected":false},"author":1,"featured_media":0,"comment_status":"closed","ping_status":"closed","sticky":false,"template":"","format":"standard","meta":{"footnotes":""},"categories":[20],"tags":[],"class_list":["post-3050","post","type-post","status-publish","format-standard","hentry","category-informacao"],"_links":{"self":[{"href":"https:\/\/www.adavaveiro.org\/index.php?rest_route=\/wp\/v2\/posts\/3050","targetHints":{"allow":["GET"]}}],"collection":[{"href":"https:\/\/www.adavaveiro.org\/index.php?rest_route=\/wp\/v2\/posts"}],"about":[{"href":"https:\/\/www.adavaveiro.org\/index.php?rest_route=\/wp\/v2\/types\/post"}],"author":[{"embeddable":true,"href":"https:\/\/www.adavaveiro.org\/index.php?rest_route=\/wp\/v2\/users\/1"}],"replies":[{"embeddable":true,"href":"https:\/\/www.adavaveiro.org\/index.php?rest_route=%2Fwp%2Fv2%2Fcomments&post=3050"}],"version-history":[{"count":2,"href":"https:\/\/www.adavaveiro.org\/index.php?rest_route=\/wp\/v2\/posts\/3050\/revisions"}],"predecessor-version":[{"id":3052,"href":"https:\/\/www.adavaveiro.org\/index.php?rest_route=\/wp\/v2\/posts\/3050\/revisions\/3052"}],"wp:attachment":[{"href":"https:\/\/www.adavaveiro.org\/index.php?rest_route=%2Fwp%2Fv2%2Fmedia&parent=3050"}],"wp:term":[{"taxonomy":"category","embeddable":true,"href":"https:\/\/www.adavaveiro.org\/index.php?rest_route=%2Fwp%2Fv2%2Fcategories&post=3050"},{"taxonomy":"post_tag","embeddable":true,"href":"https:\/\/www.adavaveiro.org\/index.php?rest_route=%2Fwp%2Fv2%2Ftags&post=3050"}],"curies":[{"name":"wp","href":"https:\/\/api.w.org\/{rel}","templated":true}]}}