{"id":3057,"date":"2013-07-07T09:06:13","date_gmt":"2013-07-07T09:06:13","guid":{"rendered":"http:\/\/www.adavaveiro.org\/?p=3057"},"modified":"2013-07-07T09:09:53","modified_gmt":"2013-07-07T09:09:53","slug":"nasceram-menos-4000-bebes","status":"publish","type":"post","link":"https:\/\/www.adavaveiro.org\/?p=3057","title":{"rendered":"menos beb\u00e9s em Portugal"},"content":{"rendered":"<div id=\"Article\">\n<h2 id=\"NewsTitle\" style=\"text-align: center;\"><span style=\"color: #000000;\">Nasceram menos quatro mil beb\u00e9s no 1.\u00ba semestre<\/span><\/h2>\n<div style=\"text-align: left;\"><\/div>\n<div style=\"text-align: left;\"><strong><span style=\"color: #000000;\"><a href=\"http:\/\/www.adavaveiro.org\/?attachment_id=726\" rel=\"attachment wp-att-726\"><img loading=\"lazy\" decoding=\"async\" class=\"aligncenter size-thumbnail wp-image-726\" alt=\"bebe numa folha\" src=\"http:\/\/www.adavaveiro.org\/wp-content\/uploads\/bebe-numa-folha1-260x150.jpg\" width=\"260\" height=\"150\" srcset=\"https:\/\/www.adavaveiro.org\/wp-content\/uploads\/bebe-numa-folha1-260x150.jpg 260w, https:\/\/www.adavaveiro.org\/wp-content\/uploads\/bebe-numa-folha1-300x174.jpg 300w, https:\/\/www.adavaveiro.org\/wp-content\/uploads\/bebe-numa-folha1.jpg 779w\" sizes=\"auto, (max-width: 260px) 100vw, 260px\" \/><\/a><br \/>\nMant\u00e9m-se tend\u00eancia de decr\u00e9scimo, depois de em 2012 nascimentos terem ficado pela primeira vez abaixo dos 90 mil<br \/>\n<\/span><\/strong><\/p>\n<pre><span style=\"color: #000000;\">GINA PEREIRA - Jornal de Not\u00edcias<\/span><\/pre>\n<\/div>\n<p id=\"NewsSummary\" style=\"text-align: left;\"><strong><span style=\"color: #000000;\"><br \/>\n<\/span><\/strong><span style=\"color: #000000;\">Depois de em 2012 se ter registado o menor n\u00famero de nascimentos de sempre em Portugal desde 1960, a tend\u00eancia continua a ser de decr\u00e9scimo. At\u00e9 junho 2013 nasceram quase menos quatro mil beb\u00e9s.<\/span><\/p>\n<div>\n<div>\n<p style=\"text-align: left;\"><span style=\"color: #000000;\">Os dados do teste do pezinho disponibilizados pelo Instituto Nacional de Sa\u00fade Dr. Ricardo Jorge (INSA) mostram que a tend\u00eancia de decr\u00e9scimo da natalidade est\u00e1 a agravar-se, depois de em 2012 se ter registado o recorde de menos nascimentos em Portugal, pela primeira vez abaixo dos 90 mil &#8211; 89841, de acordo com dados da Pordata, menos 11 500 do que em 2010.<\/span><\/p>\n<p style=\"text-align: left;\">in <em>Jornal de Not\u00edcias<\/em> (http:\/\/www.jn.pt\/PaginaInicial\/Sociedade\/Interior.aspx?content_id=3309434)<\/p>\n<\/div>\n<\/div>\n<\/div>\n","protected":false},"excerpt":{"rendered":"<p>Nasceram menos quatro mil beb\u00e9s no 1.\u00ba semestre Mant\u00e9m-se tend\u00eancia de decr\u00e9scimo, depois de em 2012 nascimentos terem ficado pela primeira vez abaixo dos 90 mil GINA PEREIRA &#8211; Jornal de Not\u00edcias Depois de em 2012 se ter registado o &hellip; <a href=\"https:\/\/www.adavaveiro.org\/?p=3057\">Continuar a ler <span class=\"meta-nav\">&rarr;<\/span><\/a><\/p>\n","protected":false},"author":1,"featured_media":0,"comment_status":"closed","ping_status":"closed","sticky":false,"template":"","format":"standard","meta":{"footnotes":""},"categories":[20],"tags":[],"class_list":["post-3057","post","type-post","status-publish","format-standard","hentry","category-informacao"],"_links":{"self":[{"href":"https:\/\/www.adavaveiro.org\/index.php?rest_route=\/wp\/v2\/posts\/3057","targetHints":{"allow":["GET"]}}],"collection":[{"href":"https:\/\/www.adavaveiro.org\/index.php?rest_route=\/wp\/v2\/posts"}],"about":[{"href":"https:\/\/www.adavaveiro.org\/index.php?rest_route=\/wp\/v2\/types\/post"}],"author":[{"embeddable":true,"href":"https:\/\/www.adavaveiro.org\/index.php?rest_route=\/wp\/v2\/users\/1"}],"replies":[{"embeddable":true,"href":"https:\/\/www.adavaveiro.org\/index.php?rest_route=%2Fwp%2Fv2%2Fcomments&post=3057"}],"version-history":[{"count":8,"href":"https:\/\/www.adavaveiro.org\/index.php?rest_route=\/wp\/v2\/posts\/3057\/revisions"}],"predecessor-version":[{"id":3064,"href":"https:\/\/www.adavaveiro.org\/index.php?rest_route=\/wp\/v2\/posts\/3057\/revisions\/3064"}],"wp:attachment":[{"href":"https:\/\/www.adavaveiro.org\/index.php?rest_route=%2Fwp%2Fv2%2Fmedia&parent=3057"}],"wp:term":[{"taxonomy":"category","embeddable":true,"href":"https:\/\/www.adavaveiro.org\/index.php?rest_route=%2Fwp%2Fv2%2Fcategories&post=3057"},{"taxonomy":"post_tag","embeddable":true,"href":"https:\/\/www.adavaveiro.org\/index.php?rest_route=%2Fwp%2Fv2%2Ftags&post=3057"}],"curies":[{"name":"wp","href":"https:\/\/api.w.org\/{rel}","templated":true}]}}