{"id":3101,"date":"2013-10-21T16:44:34","date_gmt":"2013-10-21T16:44:34","guid":{"rendered":"http:\/\/www.adavaveiro.org\/?p=3101"},"modified":"2013-10-27T21:18:49","modified_gmt":"2013-10-27T21:18:49","slug":"debate-sbre-a-familia","status":"publish","type":"post","link":"https:\/\/www.adavaveiro.org\/?p=3101","title":{"rendered":"Debate sbre a FAM\u00cdLIA"},"content":{"rendered":"<p>&nbsp;<\/p>\n<div>\n<p><img loading=\"lazy\" decoding=\"async\" class=\"aligncenter size-thumbnail wp-image-3109\" alt=\"SESSAO-DEBATE-CARTAZ-A4\" src=\"http:\/\/www.adavaveiro.org\/wp-content\/uploads\/2013\/10\/SESSAO-DEBATE-CARTAZ-A4-180x260.jpg\" width=\"180\" height=\"260\" srcset=\"https:\/\/www.adavaveiro.org\/wp-content\/uploads\/2013\/10\/SESSAO-DEBATE-CARTAZ-A4-180x260.jpg 180w, https:\/\/www.adavaveiro.org\/wp-content\/uploads\/2013\/10\/SESSAO-DEBATE-CARTAZ-A4-207x300.jpg 207w, https:\/\/www.adavaveiro.org\/wp-content\/uploads\/2013\/10\/SESSAO-DEBATE-CARTAZ-A4-708x1024.jpg 708w, https:\/\/www.adavaveiro.org\/wp-content\/uploads\/2013\/10\/SESSAO-DEBATE-CARTAZ-A4.jpg 1125w\" sizes=\"auto, (max-width: 180px) 100vw, 180px\" \/><\/p>\n<p><span style=\"color: #000000;\">A Diocese de Aveiro organiza, no pr\u00f3ximo dia 25 de outubro, um debate subordinado ao tema &#8220;Fam\u00edlia, Casamento e Sexualidade. Realidades&#8221;. Trata-se da \u00faltima sess\u00e3o &#8211; debate programada na Miss\u00e3o Jubilar dos 75 anos da Restaura\u00e7\u00e3o da Diocese de Aveiro. <\/span><\/p>\n<p><span style=\"color: #000000;\">Vai decorrer na Igreja Nova de Anadia, \u00e0s 21h, com entrada livre e transmiss\u00e3o assegurada no canal de TV Online da diocese, segundo informa a diocese num comunicado enviado \u00e0s reda\u00e7\u00f5es.<\/span><\/p>\n<p><span style=\"color: #000000;\">O antigo ministro da Educa\u00e7\u00e3o, Augusto Santos Silva, a especialista em educa\u00e7\u00e3o da sexualidade, Teresa Tom\u00e9 Ribeiro, e o sacerdote jesu\u00edta, Vasco Pinto Magalh\u00e3es, s\u00e3o os convidados para este debate que ir\u00e1 ser moderado pelo jornalista Joaquim Franco, da SIC.<\/span><\/p>\n<p><span style=\"color: #000000;\">No \u00e2mbito da Miss\u00e3o Jubilar, a diocese aveirense pretende auscultar o que a sociedade tem a dizer acerca da sua ac\u00e7\u00e3o em diferentes contextos da vida, tendo j\u00e1 efetuado debates sobre a a\u00e7\u00e3o social, o ecumenismo e o di\u00e1logo inter-religioso e a situa\u00e7\u00e3o da economia e do mundo oper\u00e1rio.<\/span><\/p>\n<\/div>\n","protected":false},"excerpt":{"rendered":"<p>&nbsp; A Diocese de Aveiro organiza, no pr\u00f3ximo dia 25 de outubro, um debate subordinado ao tema &#8220;Fam\u00edlia, Casamento e Sexualidade. Realidades&#8221;. Trata-se da \u00faltima sess\u00e3o &#8211; debate programada na Miss\u00e3o Jubilar dos 75 anos da Restaura\u00e7\u00e3o da Diocese de &hellip; <a href=\"https:\/\/www.adavaveiro.org\/?p=3101\">Continuar a ler <span class=\"meta-nav\">&rarr;<\/span><\/a><\/p>\n","protected":false},"author":1,"featured_media":0,"comment_status":"closed","ping_status":"closed","sticky":false,"template":"","format":"standard","meta":{"footnotes":""},"categories":[24,9],"tags":[],"class_list":["post-3101","post","type-post","status-publish","format-standard","hentry","category-formacao","category-refletir"],"_links":{"self":[{"href":"https:\/\/www.adavaveiro.org\/index.php?rest_route=\/wp\/v2\/posts\/3101","targetHints":{"allow":["GET"]}}],"collection":[{"href":"https:\/\/www.adavaveiro.org\/index.php?rest_route=\/wp\/v2\/posts"}],"about":[{"href":"https:\/\/www.adavaveiro.org\/index.php?rest_route=\/wp\/v2\/types\/post"}],"author":[{"embeddable":true,"href":"https:\/\/www.adavaveiro.org\/index.php?rest_route=\/wp\/v2\/users\/1"}],"replies":[{"embeddable":true,"href":"https:\/\/www.adavaveiro.org\/index.php?rest_route=%2Fwp%2Fv2%2Fcomments&post=3101"}],"version-history":[{"count":6,"href":"https:\/\/www.adavaveiro.org\/index.php?rest_route=\/wp\/v2\/posts\/3101\/revisions"}],"predecessor-version":[{"id":3113,"href":"https:\/\/www.adavaveiro.org\/index.php?rest_route=\/wp\/v2\/posts\/3101\/revisions\/3113"}],"wp:attachment":[{"href":"https:\/\/www.adavaveiro.org\/index.php?rest_route=%2Fwp%2Fv2%2Fmedia&parent=3101"}],"wp:term":[{"taxonomy":"category","embeddable":true,"href":"https:\/\/www.adavaveiro.org\/index.php?rest_route=%2Fwp%2Fv2%2Fcategories&post=3101"},{"taxonomy":"post_tag","embeddable":true,"href":"https:\/\/www.adavaveiro.org\/index.php?rest_route=%2Fwp%2Fv2%2Ftags&post=3101"}],"curies":[{"name":"wp","href":"https:\/\/api.w.org\/{rel}","templated":true}]}}