{"id":3119,"date":"2013-11-11T17:13:58","date_gmt":"2013-11-11T17:13:58","guid":{"rendered":"http:\/\/www.adavaveiro.org\/?p=3119"},"modified":"2014-03-28T13:38:10","modified_gmt":"2014-03-28T13:38:10","slug":"assinaturas-em-portugal-um-de-nos","status":"publish","type":"post","link":"https:\/\/www.adavaveiro.org\/?p=3119","title":{"rendered":"assinaturas em Portugal &#8220;UM DE N\u00d3S&#8221;"},"content":{"rendered":"<p><img loading=\"lazy\" decoding=\"async\" class=\"aligncenter size-thumbnail wp-image-3120\" alt=\"oneOfUs\" src=\"http:\/\/www.adavaveiro.org\/wp-content\/uploads\/2013\/11\/oneOfUs-260x195.jpg\" width=\"260\" height=\"195\" srcset=\"https:\/\/www.adavaveiro.org\/wp-content\/uploads\/2013\/11\/oneOfUs-260x195.jpg 260w, https:\/\/www.adavaveiro.org\/wp-content\/uploads\/2013\/11\/oneOfUs-300x225.jpg 300w, https:\/\/www.adavaveiro.org\/wp-content\/uploads\/2013\/11\/oneOfUs-1024x768.jpg 1024w, https:\/\/www.adavaveiro.org\/wp-content\/uploads\/2013\/11\/oneOfUs.jpg 1632w\" sizes=\"auto, (max-width: 260px) 100vw, 260px\" \/><\/p>\n<p><span style=\"color: #000000;\"><b>ENTREGA DA INICIATIVA EUROPEIA DE CIDAD\u00c3OS \u201cUM DE N\u00d3S\u201d<\/b><\/span><\/p>\n<p><span style=\"color: #000000;\"><b>\u00a0Dia\/Hora:\u00a0 2\u00aa FEIRA, 11 DE NOVEMBRO, 14.30H<\/b><\/span><\/p>\n<p><span style=\"color: #000000;\"><b>Local: Conservat\u00f3ria dos Registos Centrais, Rua Rodrigo da Fonseca, 198, Lisboa<\/b><\/span><\/p>\n<p><span style=\"color: #000000;\"><b>A iniciativa de Europeia de Cidad\u00e3os \u201cUm de n\u00f3s\u201d recolheu 1,9 milh\u00f5es de assinaturas em toda a Europa e mais de 73 mil em Portugal!<\/b><\/span><\/p>\n<p><span style=\"color: #800000;\"><b>Na Europa, um sucesso!<\/b><\/span><\/p>\n<p><span style=\"color: #000000;\"><b>1.898.852 cidad\u00e3os europeus<\/b> expressaram a necessidade de existir uma maior protec\u00e7\u00e3o do embri\u00e3o humano e de mudar o futuro da ind\u00fastria da investiga\u00e7\u00e3o com c\u00e9lulas estaminais embrion\u00e1rias por toda a Europa, defendendo assim toda a vida humana. Esta \u00e9 a maior peti\u00e7\u00e3o europeia e excede em larga escala o limite m\u00ednimo de 1 milh\u00e3o exigido pela Comiss\u00e3o Europeia.<\/span><br \/>\n<span style=\"color: #000000;\">Al\u00e9m disso as regras das Iniciativa Europeia de Cidad\u00e3os requerem um n\u00famero m\u00ednimo de assinaturas em pelo menos 7 estados membros. No caso da \u201cUm de N\u00f3s\u201d 20 pa\u00edses j\u00e1 preencheram este requisito (ver Lista Anexa) sendo de longe a peti\u00e7\u00e3o europeia com maior representatividade.<\/span><br \/>\n<span style=\"color: #000000;\">Esta campanha tornou-se ao n\u00edvel Europeu um grande sucesso e um marco importante para todos n\u00f3s. Nos pr\u00f3ximos dias 14 a 16 de Novembro em Crac\u00f3via ser\u00e1 constitu\u00edda a Federa\u00e7\u00e3o Europeia \u201cUm de N\u00f3s\u201d que congrega todas as associa\u00e7\u00f5es e movimentos envolvidas nesta mega-campanha de recolha de assinaturas em prol da VIDA.<\/span><\/p>\n<p><span style=\"color: #800000;\"><b>Em Portugal, um sucesso!<\/b><\/span><\/p>\n<p><span style=\"color: #000000;\">Em Portugal foram registadas <b>73.661 mil assinaturas de cidad\u00e3os portugueses<\/b>. Com este resultado a Iniciativa \u201cUm de n\u00f3s\u201d \u00e9 a primeira Iniciativa Europeia de Cidad\u00e3os que em Portugal ultrapassa os requisitos estabelecidos pela Comiss\u00e3o (16.500 assinaturas) e logo com 436% das assinaturas necess\u00e1rias!<\/span><\/p>\n<p><strong><span style=\"color: #800000;\">A ades\u00e3o do povo portugu\u00eas a esta Campanha ultrapassou as nossas expectativas!<\/span><\/strong><\/p>\n<p><span style=\"color: #000000;\">Agradecemos o apoio de tantos e vamos continuar a campanha para passar uma mensagem ainda mais forte \u00e0 Comiss\u00e3o Europeia e exigir a protec\u00e7\u00e3o total do ser humano como o primeiro e fundamental direito da nossa sociedade.<\/span><\/p>\n<p><span style=\"color: #000000;\">Lisboa, 11 de Novembro de 2013<\/span><\/p>\n<p><span style=\"color: #000000;\">Um de N\u00f3s: 91 087 18 73<\/span><\/p>\n","protected":false},"excerpt":{"rendered":"<p>ENTREGA DA INICIATIVA EUROPEIA DE CIDAD\u00c3OS \u201cUM DE N\u00d3S\u201d \u00a0Dia\/Hora:\u00a0 2\u00aa FEIRA, 11 DE NOVEMBRO, 14.30H Local: Conservat\u00f3ria dos Registos Centrais, Rua Rodrigo da Fonseca, 198, Lisboa A iniciativa de Europeia de Cidad\u00e3os \u201cUm de n\u00f3s\u201d recolheu 1,9 milh\u00f5es de &hellip; <a href=\"https:\/\/www.adavaveiro.org\/?p=3119\">Continuar a ler <span class=\"meta-nav\">&rarr;<\/span><\/a><\/p>\n","protected":false},"author":1,"featured_media":0,"comment_status":"closed","ping_status":"closed","sticky":false,"template":"","format":"standard","meta":{"footnotes":""},"categories":[20,21],"tags":[],"class_list":["post-3119","post","type-post","status-publish","format-standard","hentry","category-informacao","category-peticao"],"_links":{"self":[{"href":"https:\/\/www.adavaveiro.org\/index.php?rest_route=\/wp\/v2\/posts\/3119","targetHints":{"allow":["GET"]}}],"collection":[{"href":"https:\/\/www.adavaveiro.org\/index.php?rest_route=\/wp\/v2\/posts"}],"about":[{"href":"https:\/\/www.adavaveiro.org\/index.php?rest_route=\/wp\/v2\/types\/post"}],"author":[{"embeddable":true,"href":"https:\/\/www.adavaveiro.org\/index.php?rest_route=\/wp\/v2\/users\/1"}],"replies":[{"embeddable":true,"href":"https:\/\/www.adavaveiro.org\/index.php?rest_route=%2Fwp%2Fv2%2Fcomments&post=3119"}],"version-history":[{"count":4,"href":"https:\/\/www.adavaveiro.org\/index.php?rest_route=\/wp\/v2\/posts\/3119\/revisions"}],"predecessor-version":[{"id":3155,"href":"https:\/\/www.adavaveiro.org\/index.php?rest_route=\/wp\/v2\/posts\/3119\/revisions\/3155"}],"wp:attachment":[{"href":"https:\/\/www.adavaveiro.org\/index.php?rest_route=%2Fwp%2Fv2%2Fmedia&parent=3119"}],"wp:term":[{"taxonomy":"category","embeddable":true,"href":"https:\/\/www.adavaveiro.org\/index.php?rest_route=%2Fwp%2Fv2%2Fcategories&post=3119"},{"taxonomy":"post_tag","embeddable":true,"href":"https:\/\/www.adavaveiro.org\/index.php?rest_route=%2Fwp%2Fv2%2Ftags&post=3119"}],"curies":[{"name":"wp","href":"https:\/\/api.w.org\/{rel}","templated":true}]}}