{"id":3129,"date":"2013-12-21T11:34:24","date_gmt":"2013-12-21T11:34:24","guid":{"rendered":"http:\/\/www.adavaveiro.org\/?p=3129"},"modified":"2021-12-20T10:58:20","modified_gmt":"2021-12-20T10:58:20","slug":"3129","status":"publish","type":"post","link":"https:\/\/www.adavaveiro.org\/?p=3129","title":{"rendered":"BOAS FESTAS"},"content":{"rendered":"<h4 style=\"text-align: center;\"><img loading=\"lazy\" decoding=\"async\" class=\"aligncenter size-thumbnail wp-image-3130\" alt=\"ConcertoReisADAV2013\" src=\"http:\/\/www.adavaveiro.org\/wp-content\/uploads\/2013\/12\/ConcertoReisADAV2013-260x196.jpg\" width=\"260\" height=\"196\" srcset=\"https:\/\/www.adavaveiro.org\/wp-content\/uploads\/2013\/12\/ConcertoReisADAV2013-260x196.jpg 260w, https:\/\/www.adavaveiro.org\/wp-content\/uploads\/2013\/12\/ConcertoReisADAV2013-300x227.jpg 300w, https:\/\/www.adavaveiro.org\/wp-content\/uploads\/2013\/12\/ConcertoReisADAV2013-1024x774.jpg 1024w\" sizes=\"auto, (max-width: 260px) 100vw, 260px\" \/><\/h4>\n<h4 style=\"text-align: center;\"><span style=\"color: #008000;\">Agradecemos a todos os contributos e apoio que deram ao longo deste ano \u00e0 causa da VIDA.<br \/>\nConvosco foi poss\u00edvel ajudar muitas crian\u00e7as e suas fam\u00edlias em 2013. <\/span><br \/>\n<span style=\"color: #008000;\"> Desejamo-vos um FELIZ NATAL 2013. <\/span><br \/>\n<span style=\"color: #008000;\"> Convidamo-vos para celebrarem connosco o dia de Reis, antecipadamente a 5 de janeiro, na S\u00e9 de Aveiro, num concerto solid\u00e1rio para com a ADAV (16h30). Em anexo remetemos o cartaz para divulga\u00e7\u00e3o junto dos vossos conhecidos.&nbsp; <\/span><\/h4>\n<h2 style=\"text-align: center;\"><span style=\"color: #008000;\">Bem-hajam!<\/span><\/h2>\n","protected":false},"excerpt":{"rendered":"<p>Agradecemos a todos os contributos e apoio que deram ao longo deste ano \u00e0 causa da VIDA. Convosco foi poss\u00edvel ajudar muitas crian\u00e7as e suas fam\u00edlias em 2013. Desejamo-vos um FELIZ NATAL 2013. Convidamo-vos para celebrarem connosco o dia de &hellip; <a href=\"https:\/\/www.adavaveiro.org\/?p=3129\">Continuar a ler <span class=\"meta-nav\">&rarr;<\/span><\/a><\/p>\n","protected":false},"author":1,"featured_media":0,"comment_status":"closed","ping_status":"closed","sticky":false,"template":"","format":"standard","meta":{"footnotes":""},"categories":[13],"tags":[],"class_list":["post-3129","post","type-post","status-publish","format-standard","hentry","category-colaborar"],"_links":{"self":[{"href":"https:\/\/www.adavaveiro.org\/index.php?rest_route=\/wp\/v2\/posts\/3129","targetHints":{"allow":["GET"]}}],"collection":[{"href":"https:\/\/www.adavaveiro.org\/index.php?rest_route=\/wp\/v2\/posts"}],"about":[{"href":"https:\/\/www.adavaveiro.org\/index.php?rest_route=\/wp\/v2\/types\/post"}],"author":[{"embeddable":true,"href":"https:\/\/www.adavaveiro.org\/index.php?rest_route=\/wp\/v2\/users\/1"}],"replies":[{"embeddable":true,"href":"https:\/\/www.adavaveiro.org\/index.php?rest_route=%2Fwp%2Fv2%2Fcomments&post=3129"}],"version-history":[{"count":9,"href":"https:\/\/www.adavaveiro.org\/index.php?rest_route=\/wp\/v2\/posts\/3129\/revisions"}],"predecessor-version":[{"id":3867,"href":"https:\/\/www.adavaveiro.org\/index.php?rest_route=\/wp\/v2\/posts\/3129\/revisions\/3867"}],"wp:attachment":[{"href":"https:\/\/www.adavaveiro.org\/index.php?rest_route=%2Fwp%2Fv2%2Fmedia&parent=3129"}],"wp:term":[{"taxonomy":"category","embeddable":true,"href":"https:\/\/www.adavaveiro.org\/index.php?rest_route=%2Fwp%2Fv2%2Fcategories&post=3129"},{"taxonomy":"post_tag","embeddable":true,"href":"https:\/\/www.adavaveiro.org\/index.php?rest_route=%2Fwp%2Fv2%2Ftags&post=3129"}],"curies":[{"name":"wp","href":"https:\/\/api.w.org\/{rel}","templated":true}]}}