{"id":314,"date":"2010-05-16T16:01:53","date_gmt":"2010-05-16T16:01:53","guid":{"rendered":"http:\/\/www.adavaveiro.org\/?p=314"},"modified":"2010-05-16T16:42:30","modified_gmt":"2010-05-16T16:42:30","slug":"palavras-a-favor-da-vida","status":"publish","type":"post","link":"https:\/\/www.adavaveiro.org\/?p=314","title":{"rendered":"campanha de fraldas"},"content":{"rendered":"<div><span style=\"font-size: small;\"><a href=\"http:\/\/www.adavaveiro.org\/wp-content\/uploads\/marcador-2.jpg\"><\/a><\/span><\/div>\n<div style=\"text-align: center;\"><span style=\"font-size: small;\"><a href=\"http:\/\/www.adavaveiro.org\/wp-content\/uploads\/campanha-de-fraldas_cor.jpg\"><img loading=\"lazy\" decoding=\"async\" class=\"size-thumbnail wp-image-323 aligncenter\" title=\"campanha de fraldas_cor\" src=\"http:\/\/www.adavaveiro.org\/wp-content\/uploads\/campanha-de-fraldas_cor-150x150.jpg\" alt=\"\" width=\"200\" height=\"200\" \/><\/a><\/span><\/div>\n<div><span style=\"font-size: small;\">Um grupo de alunos do 12.\u00ba ano E da Escola Secund\u00e1ria Dr. M\u00e1rio Sacramento, em Aveiro, em \u00c1rea de Projecto, desenvolveu o tema\u00a0da Solidariedade e quiseram c<\/span><span style=\"font-size: small;\">olaborar com a\u00a0ADAV Aveiro. <\/span><\/div>\n<div><span style=\"font-size: small;\">Assim,\u00a0desencadearam\u00a0uma &#8220;Campanha de Fraldas&#8221;, a<\/span><span style=\"font-size: small;\">ngariarando fundos\u00a0junto dos seus familiares e da comunidade escolar, para a compra de fraldas.<\/span><span style=\"font-size: small;\">\u00a0<\/span><\/div>\n<div><span style=\"font-size: small;\">Para a obten\u00e7\u00e3o desses fundos fizeram marcadores de livros e pequenos pacotes de am\u00eandoas e de chocolates alusivos \u00e0 P\u00e1scoa.<\/span><span style=\"font-size: small;\">\u00a0<\/span><\/div>\n","protected":false},"excerpt":{"rendered":"<p>Um grupo de alunos do 12.\u00ba ano E da Escola Secund\u00e1ria Dr. M\u00e1rio Sacramento, em Aveiro, em \u00c1rea de Projecto, desenvolveu o tema\u00a0da Solidariedade e quiseram colaborar com a\u00a0ADAV Aveiro. Assim,\u00a0desencadearam\u00a0uma &#8220;Campanha de Fraldas&#8221;, angariarando fundos\u00a0junto dos seus familiares e &hellip; <a href=\"https:\/\/www.adavaveiro.org\/?p=314\">Continuar a ler <span class=\"meta-nav\">&rarr;<\/span><\/a><\/p>\n","protected":false},"author":1,"featured_media":0,"comment_status":"closed","ping_status":"closed","sticky":false,"template":"","format":"standard","meta":{"footnotes":""},"categories":[13],"tags":[],"class_list":["post-314","post","type-post","status-publish","format-standard","hentry","category-colaborar"],"_links":{"self":[{"href":"https:\/\/www.adavaveiro.org\/index.php?rest_route=\/wp\/v2\/posts\/314","targetHints":{"allow":["GET"]}}],"collection":[{"href":"https:\/\/www.adavaveiro.org\/index.php?rest_route=\/wp\/v2\/posts"}],"about":[{"href":"https:\/\/www.adavaveiro.org\/index.php?rest_route=\/wp\/v2\/types\/post"}],"author":[{"embeddable":true,"href":"https:\/\/www.adavaveiro.org\/index.php?rest_route=\/wp\/v2\/users\/1"}],"replies":[{"embeddable":true,"href":"https:\/\/www.adavaveiro.org\/index.php?rest_route=%2Fwp%2Fv2%2Fcomments&post=314"}],"version-history":[{"count":15,"href":"https:\/\/www.adavaveiro.org\/index.php?rest_route=\/wp\/v2\/posts\/314\/revisions"}],"predecessor-version":[{"id":317,"href":"https:\/\/www.adavaveiro.org\/index.php?rest_route=\/wp\/v2\/posts\/314\/revisions\/317"}],"wp:attachment":[{"href":"https:\/\/www.adavaveiro.org\/index.php?rest_route=%2Fwp%2Fv2%2Fmedia&parent=314"}],"wp:term":[{"taxonomy":"category","embeddable":true,"href":"https:\/\/www.adavaveiro.org\/index.php?rest_route=%2Fwp%2Fv2%2Fcategories&post=314"},{"taxonomy":"post_tag","embeddable":true,"href":"https:\/\/www.adavaveiro.org\/index.php?rest_route=%2Fwp%2Fv2%2Ftags&post=314"}],"curies":[{"name":"wp","href":"https:\/\/api.w.org\/{rel}","templated":true}]}}