{"id":3144,"date":"2014-01-05T19:30:24","date_gmt":"2014-01-05T19:30:24","guid":{"rendered":"http:\/\/www.adavaveiro.org\/?p=3144"},"modified":"2014-03-28T13:37:39","modified_gmt":"2014-03-28T13:37:39","slug":"concerto-de-reis-2","status":"publish","type":"post","link":"https:\/\/www.adavaveiro.org\/?p=3144","title":{"rendered":"concerto de Reis"},"content":{"rendered":"<p><img loading=\"lazy\" decoding=\"async\" class=\"aligncenter size-thumbnail wp-image-3147\" alt=\"concerto_Reis_Se_Adav_AVEIRO\" src=\"http:\/\/www.adavaveiro.org\/wp-content\/uploads\/2014\/01\/concerto_Reis_Se_Adav_AVEIRO-173x260.jpg\" width=\"173\" height=\"260\" srcset=\"https:\/\/www.adavaveiro.org\/wp-content\/uploads\/2014\/01\/concerto_Reis_Se_Adav_AVEIRO-173x260.jpg 173w, https:\/\/www.adavaveiro.org\/wp-content\/uploads\/2014\/01\/concerto_Reis_Se_Adav_AVEIRO-200x300.jpg 200w, https:\/\/www.adavaveiro.org\/wp-content\/uploads\/2014\/01\/concerto_Reis_Se_Adav_AVEIRO.jpg 519w\" sizes=\"auto, (max-width: 173px) 100vw, 173px\" \/><\/p>\n<h5 data-ft=\"{&quot;type&quot;:1,&quot;tn&quot;:&quot;K&quot;}\">O Concerto de Reis oferecido por 5 alunos e o seu professor, Ant\u00f3nio Mota, da Universidade de Aveiro, decorreu hoje na S\u00e9, conforme previsto.<br \/>\nAgradecemos a beleza da m\u00fasica, a generosidade da presen\u00e7a e a alegria da partilha.<br \/>\nMuito Obrigada!<\/h5>\n","protected":false},"excerpt":{"rendered":"<p>O Concerto de Reis oferecido por 5 alunos e o seu professor, Ant\u00f3nio Mota, da Universidade de Aveiro, decorreu hoje na S\u00e9, conforme previsto. Agradecemos a beleza da m\u00fasica, a generosidade da presen\u00e7a e a alegria da partilha. Muito Obrigada!<\/p>\n","protected":false},"author":1,"featured_media":0,"comment_status":"closed","ping_status":"closed","sticky":false,"template":"","format":"standard","meta":{"footnotes":""},"categories":[13,8],"tags":[],"class_list":["post-3144","post","type-post","status-publish","format-standard","hentry","category-colaborar","category-comemoracao"],"_links":{"self":[{"href":"https:\/\/www.adavaveiro.org\/index.php?rest_route=\/wp\/v2\/posts\/3144","targetHints":{"allow":["GET"]}}],"collection":[{"href":"https:\/\/www.adavaveiro.org\/index.php?rest_route=\/wp\/v2\/posts"}],"about":[{"href":"https:\/\/www.adavaveiro.org\/index.php?rest_route=\/wp\/v2\/types\/post"}],"author":[{"embeddable":true,"href":"https:\/\/www.adavaveiro.org\/index.php?rest_route=\/wp\/v2\/users\/1"}],"replies":[{"embeddable":true,"href":"https:\/\/www.adavaveiro.org\/index.php?rest_route=%2Fwp%2Fv2%2Fcomments&post=3144"}],"version-history":[{"count":3,"href":"https:\/\/www.adavaveiro.org\/index.php?rest_route=\/wp\/v2\/posts\/3144\/revisions"}],"predecessor-version":[{"id":3149,"href":"https:\/\/www.adavaveiro.org\/index.php?rest_route=\/wp\/v2\/posts\/3144\/revisions\/3149"}],"wp:attachment":[{"href":"https:\/\/www.adavaveiro.org\/index.php?rest_route=%2Fwp%2Fv2%2Fmedia&parent=3144"}],"wp:term":[{"taxonomy":"category","embeddable":true,"href":"https:\/\/www.adavaveiro.org\/index.php?rest_route=%2Fwp%2Fv2%2Fcategories&post=3144"},{"taxonomy":"post_tag","embeddable":true,"href":"https:\/\/www.adavaveiro.org\/index.php?rest_route=%2Fwp%2Fv2%2Ftags&post=3144"}],"curies":[{"name":"wp","href":"https:\/\/api.w.org\/{rel}","templated":true}]}}