{"id":3162,"date":"2014-04-02T06:43:29","date_gmt":"2014-04-02T06:43:29","guid":{"rendered":"http:\/\/www.adavaveiro.org\/?p=3162"},"modified":"2014-04-02T06:43:29","modified_gmt":"2014-04-02T06:43:29","slug":"leite-materno","status":"publish","type":"post","link":"https:\/\/www.adavaveiro.org\/?p=3162","title":{"rendered":"leite materno"},"content":{"rendered":"<h2 style=\"text-align: center;\"><span style=\"color: #003366;\"><img loading=\"lazy\" decoding=\"async\" class=\"aligncenter size-thumbnail wp-image-3163\" alt=\"dessin_mere_enfant\" src=\"http:\/\/www.adavaveiro.org\/wp-content\/uploads\/2014\/04\/dessin_mere_enfant-208x260.jpg\" width=\"208\" height=\"260\" srcset=\"https:\/\/www.adavaveiro.org\/wp-content\/uploads\/2014\/04\/dessin_mere_enfant-208x260.jpg 208w, https:\/\/www.adavaveiro.org\/wp-content\/uploads\/2014\/04\/dessin_mere_enfant-240x300.jpg 240w, https:\/\/www.adavaveiro.org\/wp-content\/uploads\/2014\/04\/dessin_mere_enfant.jpg 404w\" sizes=\"auto, (max-width: 208px) 100vw, 208px\" \/>Est\u00e1 gr\u00e1vida? Quando o seu beb\u00e9 nascer, amamente-o. <\/span><br \/>\n<span style=\"color: #003366;\">Fale com o seu m\u00e9dico e com o seu enfermeiro. <\/span><br \/>\n<span style=\"color: #003366;\">O leite materno \u00e9 o ideal para o seu beb\u00e9!<\/span><\/h2>\n","protected":false},"excerpt":{"rendered":"<p>Est\u00e1 gr\u00e1vida? Quando o seu beb\u00e9 nascer, amamente-o. Fale com o seu m\u00e9dico e com o seu enfermeiro. O leite materno \u00e9 o ideal para o seu beb\u00e9!<\/p>\n","protected":false},"author":1,"featured_media":0,"comment_status":"closed","ping_status":"closed","sticky":false,"template":"","format":"standard","meta":{"footnotes":""},"categories":[20],"tags":[],"class_list":["post-3162","post","type-post","status-publish","format-standard","hentry","category-informacao"],"_links":{"self":[{"href":"https:\/\/www.adavaveiro.org\/index.php?rest_route=\/wp\/v2\/posts\/3162","targetHints":{"allow":["GET"]}}],"collection":[{"href":"https:\/\/www.adavaveiro.org\/index.php?rest_route=\/wp\/v2\/posts"}],"about":[{"href":"https:\/\/www.adavaveiro.org\/index.php?rest_route=\/wp\/v2\/types\/post"}],"author":[{"embeddable":true,"href":"https:\/\/www.adavaveiro.org\/index.php?rest_route=\/wp\/v2\/users\/1"}],"replies":[{"embeddable":true,"href":"https:\/\/www.adavaveiro.org\/index.php?rest_route=%2Fwp%2Fv2%2Fcomments&post=3162"}],"version-history":[{"count":1,"href":"https:\/\/www.adavaveiro.org\/index.php?rest_route=\/wp\/v2\/posts\/3162\/revisions"}],"predecessor-version":[{"id":3164,"href":"https:\/\/www.adavaveiro.org\/index.php?rest_route=\/wp\/v2\/posts\/3162\/revisions\/3164"}],"wp:attachment":[{"href":"https:\/\/www.adavaveiro.org\/index.php?rest_route=%2Fwp%2Fv2%2Fmedia&parent=3162"}],"wp:term":[{"taxonomy":"category","embeddable":true,"href":"https:\/\/www.adavaveiro.org\/index.php?rest_route=%2Fwp%2Fv2%2Fcategories&post=3162"},{"taxonomy":"post_tag","embeddable":true,"href":"https:\/\/www.adavaveiro.org\/index.php?rest_route=%2Fwp%2Fv2%2Ftags&post=3162"}],"curies":[{"name":"wp","href":"https:\/\/api.w.org\/{rel}","templated":true}]}}