{"id":3170,"date":"2014-04-29T17:29:29","date_gmt":"2014-04-29T17:29:29","guid":{"rendered":"http:\/\/www.adavaveiro.org\/?p=3170"},"modified":"2014-05-08T15:14:25","modified_gmt":"2014-05-08T15:14:25","slug":"concerto-em-favor-da-adav-numa-escola","status":"publish","type":"post","link":"https:\/\/www.adavaveiro.org\/?p=3170","title":{"rendered":"concerto a favor da ADAV numa escola"},"content":{"rendered":"<p><img loading=\"lazy\" decoding=\"async\" class=\"aligncenter size-thumbnail wp-image-3171\" alt=\"cartaz_diaMae_concerto_escola_pq\" src=\"http:\/\/www.adavaveiro.org\/wp-content\/uploads\/2014\/04\/cartaz_diaMae_concerto_escola_pq-260x192.gif\" width=\"260\" height=\"192\" srcset=\"https:\/\/www.adavaveiro.org\/wp-content\/uploads\/2014\/04\/cartaz_diaMae_concerto_escola_pq-260x192.gif 260w, https:\/\/www.adavaveiro.org\/wp-content\/uploads\/2014\/04\/cartaz_diaMae_concerto_escola_pq-300x221.gif 300w\" sizes=\"auto, (max-width: 260px) 100vw, 260px\" \/><\/p>\n<h2 style=\"text-align: center;\"><strong><span style=\"color: #ff00ff;\">Para celebrar o Dia da M\u00e3e, na escola secund\u00e1ria Dr. M\u00e1rio Sacramento, tr\u00eas alunos v\u00e3o dar m\u00fasica aos colegas, aos professores e aos pais e funcion\u00e1rios.<\/span> <\/strong><\/h2>\n","protected":false},"excerpt":{"rendered":"<p>Para celebrar o Dia da M\u00e3e, na escola secund\u00e1ria Dr. M\u00e1rio Sacramento, tr\u00eas alunos v\u00e3o dar m\u00fasica aos colegas, aos professores e aos pais e funcion\u00e1rios.<\/p>\n","protected":false},"author":1,"featured_media":0,"comment_status":"closed","ping_status":"closed","sticky":false,"template":"","format":"standard","meta":{"footnotes":""},"categories":[13],"tags":[],"class_list":["post-3170","post","type-post","status-publish","format-standard","hentry","category-colaborar"],"_links":{"self":[{"href":"https:\/\/www.adavaveiro.org\/index.php?rest_route=\/wp\/v2\/posts\/3170","targetHints":{"allow":["GET"]}}],"collection":[{"href":"https:\/\/www.adavaveiro.org\/index.php?rest_route=\/wp\/v2\/posts"}],"about":[{"href":"https:\/\/www.adavaveiro.org\/index.php?rest_route=\/wp\/v2\/types\/post"}],"author":[{"embeddable":true,"href":"https:\/\/www.adavaveiro.org\/index.php?rest_route=\/wp\/v2\/users\/1"}],"replies":[{"embeddable":true,"href":"https:\/\/www.adavaveiro.org\/index.php?rest_route=%2Fwp%2Fv2%2Fcomments&post=3170"}],"version-history":[{"count":5,"href":"https:\/\/www.adavaveiro.org\/index.php?rest_route=\/wp\/v2\/posts\/3170\/revisions"}],"predecessor-version":[{"id":3183,"href":"https:\/\/www.adavaveiro.org\/index.php?rest_route=\/wp\/v2\/posts\/3170\/revisions\/3183"}],"wp:attachment":[{"href":"https:\/\/www.adavaveiro.org\/index.php?rest_route=%2Fwp%2Fv2%2Fmedia&parent=3170"}],"wp:term":[{"taxonomy":"category","embeddable":true,"href":"https:\/\/www.adavaveiro.org\/index.php?rest_route=%2Fwp%2Fv2%2Fcategories&post=3170"},{"taxonomy":"post_tag","embeddable":true,"href":"https:\/\/www.adavaveiro.org\/index.php?rest_route=%2Fwp%2Fv2%2Ftags&post=3170"}],"curies":[{"name":"wp","href":"https:\/\/api.w.org\/{rel}","templated":true}]}}