{"id":3176,"date":"2014-05-01T11:43:28","date_gmt":"2014-05-01T11:43:28","guid":{"rendered":"http:\/\/www.adavaveiro.org\/?p=3176"},"modified":"2014-05-08T15:14:12","modified_gmt":"2014-05-08T15:14:12","slug":"especial-dia-da-mae","status":"publish","type":"post","link":"https:\/\/www.adavaveiro.org\/?p=3176","title":{"rendered":"ESPECIAL DIA DA M\u00c3E"},"content":{"rendered":"<p><img loading=\"lazy\" decoding=\"async\" class=\"aligncenter size-thumbnail wp-image-3177\" alt=\"em nome da mae\" src=\"http:\/\/www.adavaveiro.org\/wp-content\/uploads\/2014\/05\/em-nome-da-mae-260x195.jpg\" width=\"260\" height=\"195\" srcset=\"https:\/\/www.adavaveiro.org\/wp-content\/uploads\/2014\/05\/em-nome-da-mae-260x195.jpg 260w, https:\/\/www.adavaveiro.org\/wp-content\/uploads\/2014\/05\/em-nome-da-mae-300x225.jpg 300w, https:\/\/www.adavaveiro.org\/wp-content\/uploads\/2014\/05\/em-nome-da-mae.jpg 960w\" sizes=\"auto, (max-width: 260px) 100vw, 260px\" \/><\/p>\n<p><span style=\"color: #000000;\">ESPECIAL DIA DA M\u00c3E | No Soltar a Corrente desta sexta-feira vamos dedicar o nosso programa a todas as m\u00e3es. O nosso painel, l\u00e1 est\u00e1, ser\u00e1 composto por M\u00c3ES e vamos ter algumas SURPRESAS pelo meio. A n\u00e3o perder dia 2 de maio, das 21h \u00e0s 22h em 105fm ou em <a href=\"http:\/\/www.terranova.pt\/\" target=\"_blank\" rel=\"nofollow\"><span style=\"color: #000000;\">www.terranova.pt.<\/span><\/a><\/span><\/p>\n","protected":false},"excerpt":{"rendered":"<p>ESPECIAL DIA DA M\u00c3E | No Soltar a Corrente desta sexta-feira vamos dedicar o nosso programa a todas as m\u00e3es. O nosso painel, l\u00e1 est\u00e1, ser\u00e1 composto por M\u00c3ES e vamos ter algumas SURPRESAS pelo meio. A n\u00e3o perder dia &hellip; <a href=\"https:\/\/www.adavaveiro.org\/?p=3176\">Continuar a ler <span class=\"meta-nav\">&rarr;<\/span><\/a><\/p>\n","protected":false},"author":1,"featured_media":0,"comment_status":"closed","ping_status":"closed","sticky":false,"template":"","format":"standard","meta":{"footnotes":""},"categories":[13],"tags":[],"class_list":["post-3176","post","type-post","status-publish","format-standard","hentry","category-colaborar"],"_links":{"self":[{"href":"https:\/\/www.adavaveiro.org\/index.php?rest_route=\/wp\/v2\/posts\/3176","targetHints":{"allow":["GET"]}}],"collection":[{"href":"https:\/\/www.adavaveiro.org\/index.php?rest_route=\/wp\/v2\/posts"}],"about":[{"href":"https:\/\/www.adavaveiro.org\/index.php?rest_route=\/wp\/v2\/types\/post"}],"author":[{"embeddable":true,"href":"https:\/\/www.adavaveiro.org\/index.php?rest_route=\/wp\/v2\/users\/1"}],"replies":[{"embeddable":true,"href":"https:\/\/www.adavaveiro.org\/index.php?rest_route=%2Fwp%2Fv2%2Fcomments&post=3176"}],"version-history":[{"count":6,"href":"https:\/\/www.adavaveiro.org\/index.php?rest_route=\/wp\/v2\/posts\/3176\/revisions"}],"predecessor-version":[{"id":3185,"href":"https:\/\/www.adavaveiro.org\/index.php?rest_route=\/wp\/v2\/posts\/3176\/revisions\/3185"}],"wp:attachment":[{"href":"https:\/\/www.adavaveiro.org\/index.php?rest_route=%2Fwp%2Fv2%2Fmedia&parent=3176"}],"wp:term":[{"taxonomy":"category","embeddable":true,"href":"https:\/\/www.adavaveiro.org\/index.php?rest_route=%2Fwp%2Fv2%2Fcategories&post=3176"},{"taxonomy":"post_tag","embeddable":true,"href":"https:\/\/www.adavaveiro.org\/index.php?rest_route=%2Fwp%2Fv2%2Ftags&post=3176"}],"curies":[{"name":"wp","href":"https:\/\/api.w.org\/{rel}","templated":true}]}}