{"id":3190,"date":"2014-05-08T15:37:35","date_gmt":"2014-05-08T15:37:35","guid":{"rendered":"http:\/\/www.adavaveiro.org\/?p=3190"},"modified":"2014-09-06T07:25:32","modified_gmt":"2014-09-06T07:25:32","slug":"concerto-a-favor-da-adav","status":"publish","type":"post","link":"https:\/\/www.adavaveiro.org\/?p=3190","title":{"rendered":"concerto a favor da ADAV"},"content":{"rendered":"<p><span style=\"color: #333333;\"><strong>A 6 de maio, cerca de 100 espectadores puderam ouvir 7 alunos da Escola Secund\u00e1ria Dr. M\u00e1rio Sacramento, em Aveiro, num concerto a favor da ADAV Aveiro. <\/strong><\/span><\/p>\n<p><span style=\"color: #333333;\"><strong>Agradecemos a iniciativa aos alunos e a participa\u00e7\u00e3o de todos os que se juntaram para acarinhar a causa da ADAV Aveiro: os beb\u00e9s e as suas fam\u00edlias.<\/strong><\/span><\/p>\n<p><span style=\"color: #333333;\"><strong>Iniciativas destas provam que a solidariedade \u00e9 poss\u00edvel e custa t\u00e3o pouco!<\/strong><\/span><\/p>\n<h2 style=\"text-align: center;\"><span style=\"color: #993300;\"><strong>MUITO OBRIGADA!<\/strong><\/span><\/h2>\n<p>&nbsp;<\/p>\n<p style=\"text-align: center;\"><img loading=\"lazy\" decoding=\"async\" class=\"size-thumbnail wp-image-3191\" src=\"http:\/\/www.adavaveiro.org\/wp-content\/uploads\/2014\/05\/DSC09898-260x195.jpg\" alt=\"concerto\" width=\"260\" height=\"195\" \/><\/p>\n<p><img loading=\"lazy\" decoding=\"async\" class=\"size-thumbnail wp-image-3192 aligncenter\" src=\"http:\/\/www.adavaveiro.org\/wp-content\/uploads\/2014\/05\/DSC09902-260x195.jpg\" alt=\"concerto2\" width=\"260\" height=\"195\" \/><img loading=\"lazy\" decoding=\"async\" class=\"size-thumbnail wp-image-3193 aligncenter\" src=\"http:\/\/www.adavaveiro.org\/wp-content\/uploads\/2014\/05\/Rui-e-Manuel_1-260x195.jpg\" alt=\"concerto_3\" width=\"260\" height=\"195\" \/><img loading=\"lazy\" decoding=\"async\" class=\"size-thumbnail wp-image-3197 aligncenter\" src=\"http:\/\/www.adavaveiro.org\/wp-content\/uploads\/2014\/05\/DSC09886-260x195.jpg\" alt=\"DSC09886\" width=\"260\" height=\"195\" \/><\/p>\n","protected":false},"excerpt":{"rendered":"<p>A 6 de maio, cerca de 100 espectadores puderam ouvir 7 alunos da Escola Secund\u00e1ria Dr. M\u00e1rio Sacramento, em Aveiro, num concerto a favor da ADAV Aveiro. Agradecemos a iniciativa aos alunos e a participa\u00e7\u00e3o de todos os que se &hellip; <a href=\"https:\/\/www.adavaveiro.org\/?p=3190\">Continuar a ler <span class=\"meta-nav\">&rarr;<\/span><\/a><\/p>\n","protected":false},"author":1,"featured_media":0,"comment_status":"closed","ping_status":"closed","sticky":false,"template":"","format":"standard","meta":{"footnotes":""},"categories":[13],"tags":[],"class_list":["post-3190","post","type-post","status-publish","format-standard","hentry","category-colaborar"],"_links":{"self":[{"href":"https:\/\/www.adavaveiro.org\/index.php?rest_route=\/wp\/v2\/posts\/3190","targetHints":{"allow":["GET"]}}],"collection":[{"href":"https:\/\/www.adavaveiro.org\/index.php?rest_route=\/wp\/v2\/posts"}],"about":[{"href":"https:\/\/www.adavaveiro.org\/index.php?rest_route=\/wp\/v2\/types\/post"}],"author":[{"embeddable":true,"href":"https:\/\/www.adavaveiro.org\/index.php?rest_route=\/wp\/v2\/users\/1"}],"replies":[{"embeddable":true,"href":"https:\/\/www.adavaveiro.org\/index.php?rest_route=%2Fwp%2Fv2%2Fcomments&post=3190"}],"version-history":[{"count":9,"href":"https:\/\/www.adavaveiro.org\/index.php?rest_route=\/wp\/v2\/posts\/3190\/revisions"}],"predecessor-version":[{"id":3203,"href":"https:\/\/www.adavaveiro.org\/index.php?rest_route=\/wp\/v2\/posts\/3190\/revisions\/3203"}],"wp:attachment":[{"href":"https:\/\/www.adavaveiro.org\/index.php?rest_route=%2Fwp%2Fv2%2Fmedia&parent=3190"}],"wp:term":[{"taxonomy":"category","embeddable":true,"href":"https:\/\/www.adavaveiro.org\/index.php?rest_route=%2Fwp%2Fv2%2Fcategories&post=3190"},{"taxonomy":"post_tag","embeddable":true,"href":"https:\/\/www.adavaveiro.org\/index.php?rest_route=%2Fwp%2Fv2%2Ftags&post=3190"}],"curies":[{"name":"wp","href":"https:\/\/api.w.org\/{rel}","templated":true}]}}