{"id":3205,"date":"2014-06-11T20:28:06","date_gmt":"2014-06-11T20:28:06","guid":{"rendered":"http:\/\/www.adavaveiro.org\/?p=3205"},"modified":"2014-06-11T20:28:52","modified_gmt":"2014-06-11T20:28:52","slug":"saude-e-cuidados-na-infancia","status":"publish","type":"post","link":"https:\/\/www.adavaveiro.org\/?p=3205","title":{"rendered":"Sa\u00fade e cuidados na inf\u00e2ncia"},"content":{"rendered":"<h4 style=\"text-align: center;\"><strong>Em parceria com a Caritas diocesana de Aveiro, 18 de junho, 17h45<\/strong><\/h4>\n<h4 style=\"text-align: center;\"><strong>Instala\u00e7\u00f5es da C\u00e1ritas<\/strong><\/h4>\n<h4 style=\"text-align: center;\"><strong>Inscri\u00e7\u00f5es obrigat\u00f3rias<\/strong><\/h4>\n<p><img loading=\"lazy\" decoding=\"async\" class=\"aligncenter size-thumbnail wp-image-3206\" src=\"http:\/\/www.adavaveiro.org\/wp-content\/uploads\/2014\/06\/saude-e-cuidados-na-infancia_cartaz-183x260.jpg\" alt=\"saude e cuidados na infancia_cartaz\" width=\"183\" height=\"260\" srcset=\"https:\/\/www.adavaveiro.org\/wp-content\/uploads\/2014\/06\/saude-e-cuidados-na-infancia_cartaz-183x260.jpg 183w, https:\/\/www.adavaveiro.org\/wp-content\/uploads\/2014\/06\/saude-e-cuidados-na-infancia_cartaz-212x300.jpg 212w, https:\/\/www.adavaveiro.org\/wp-content\/uploads\/2014\/06\/saude-e-cuidados-na-infancia_cartaz-723x1024.jpg 723w, https:\/\/www.adavaveiro.org\/wp-content\/uploads\/2014\/06\/saude-e-cuidados-na-infancia_cartaz.jpg 793w\" sizes=\"auto, (max-width: 183px) 100vw, 183px\" \/><\/p>\n","protected":false},"excerpt":{"rendered":"<p>Em parceria com a Caritas diocesana de Aveiro, 18 de junho, 17h45 Instala\u00e7\u00f5es da C\u00e1ritas Inscri\u00e7\u00f5es obrigat\u00f3rias<\/p>\n","protected":false},"author":1,"featured_media":0,"comment_status":"closed","ping_status":"closed","sticky":false,"template":"","format":"standard","meta":{"footnotes":""},"categories":[13],"tags":[],"class_list":["post-3205","post","type-post","status-publish","format-standard","hentry","category-colaborar"],"_links":{"self":[{"href":"https:\/\/www.adavaveiro.org\/index.php?rest_route=\/wp\/v2\/posts\/3205","targetHints":{"allow":["GET"]}}],"collection":[{"href":"https:\/\/www.adavaveiro.org\/index.php?rest_route=\/wp\/v2\/posts"}],"about":[{"href":"https:\/\/www.adavaveiro.org\/index.php?rest_route=\/wp\/v2\/types\/post"}],"author":[{"embeddable":true,"href":"https:\/\/www.adavaveiro.org\/index.php?rest_route=\/wp\/v2\/users\/1"}],"replies":[{"embeddable":true,"href":"https:\/\/www.adavaveiro.org\/index.php?rest_route=%2Fwp%2Fv2%2Fcomments&post=3205"}],"version-history":[{"count":2,"href":"https:\/\/www.adavaveiro.org\/index.php?rest_route=\/wp\/v2\/posts\/3205\/revisions"}],"predecessor-version":[{"id":3208,"href":"https:\/\/www.adavaveiro.org\/index.php?rest_route=\/wp\/v2\/posts\/3205\/revisions\/3208"}],"wp:attachment":[{"href":"https:\/\/www.adavaveiro.org\/index.php?rest_route=%2Fwp%2Fv2%2Fmedia&parent=3205"}],"wp:term":[{"taxonomy":"category","embeddable":true,"href":"https:\/\/www.adavaveiro.org\/index.php?rest_route=%2Fwp%2Fv2%2Fcategories&post=3205"},{"taxonomy":"post_tag","embeddable":true,"href":"https:\/\/www.adavaveiro.org\/index.php?rest_route=%2Fwp%2Fv2%2Ftags&post=3205"}],"curies":[{"name":"wp","href":"https:\/\/api.w.org\/{rel}","templated":true}]}}