{"id":3212,"date":"2014-07-16T19:59:21","date_gmt":"2014-07-16T19:59:21","guid":{"rendered":"http:\/\/www.adavaveiro.org\/?p=3212"},"modified":"2014-09-28T15:28:15","modified_gmt":"2014-09-28T15:28:15","slug":"sobre-a-natalidade-em-portugal","status":"publish","type":"post","link":"https:\/\/www.adavaveiro.org\/?p=3212","title":{"rendered":"Sobre a Natalidade em Portugal"},"content":{"rendered":"<p>O que diz a Comiss\u00e3o de trabalho sobre a nova pol\u00edtica p\u00fablica?<\/p>\n<p><img loading=\"lazy\" decoding=\"async\" class=\"aligncenter size-thumbnail wp-image-2271\" src=\"http:\/\/www.adavaveiro.org\/wp-content\/uploads\/2012\/03\/da-concecao-ao-nascimento_alexander-tsiaras-260x260.png\" alt=\"da concecao ao nascimento_alexander tsiaras\" width=\"260\" height=\"260\" srcset=\"https:\/\/www.adavaveiro.org\/wp-content\/uploads\/2012\/03\/da-concecao-ao-nascimento_alexander-tsiaras-260x260.png 260w, https:\/\/www.adavaveiro.org\/wp-content\/uploads\/2012\/03\/da-concecao-ao-nascimento_alexander-tsiaras-300x300.png 300w, https:\/\/www.adavaveiro.org\/wp-content\/uploads\/2012\/03\/da-concecao-ao-nascimento_alexander-tsiaras.png 335w\" sizes=\"auto, (max-width: 260px) 100vw, 260px\" \/><\/p>\n<p>Veja aqui em <a href=\"http:\/\/mediaserver2.rr.pt\/NEWRR\/porumportugalamigo402042a4.pdf\" target=\"_blank\">PDF<\/a> o Relat\u00f3rio final da Comiss\u00e3o para a pol\u00edtica da natalidade em Portugal &#8211; julho 2014.<\/p>\n<p>Veja <a href=\"http:\/\/www.agencia.ecclesia.pt\/noticias\/nacional\/natalidade-comissao-de-trabalho-defende-nova-politica-publica\/\" target=\"_blank\">aqui<\/a> a not\u00edcia da ag\u00eancia Ecclesia e a da <a href=\"http:\/\/rr.sapo.pt\/informacao_detalhe.aspx?fid=25&amp;did=155820\" target=\"_blank\">R\u00e1dio Renascen\u00e7a<\/a>.<\/p>\n","protected":false},"excerpt":{"rendered":"<p>O que diz a Comiss\u00e3o de trabalho sobre a nova pol\u00edtica p\u00fablica? Veja aqui em PDF o Relat\u00f3rio final da Comiss\u00e3o para a pol\u00edtica da natalidade em Portugal &#8211; julho 2014. Veja aqui a not\u00edcia da ag\u00eancia Ecclesia e a &hellip; <a href=\"https:\/\/www.adavaveiro.org\/?p=3212\">Continuar a ler <span class=\"meta-nav\">&rarr;<\/span><\/a><\/p>\n","protected":false},"author":1,"featured_media":0,"comment_status":"closed","ping_status":"closed","sticky":false,"template":"","format":"standard","meta":{"footnotes":""},"categories":[20],"tags":[],"class_list":["post-3212","post","type-post","status-publish","format-standard","hentry","category-informacao"],"_links":{"self":[{"href":"https:\/\/www.adavaveiro.org\/index.php?rest_route=\/wp\/v2\/posts\/3212","targetHints":{"allow":["GET"]}}],"collection":[{"href":"https:\/\/www.adavaveiro.org\/index.php?rest_route=\/wp\/v2\/posts"}],"about":[{"href":"https:\/\/www.adavaveiro.org\/index.php?rest_route=\/wp\/v2\/types\/post"}],"author":[{"embeddable":true,"href":"https:\/\/www.adavaveiro.org\/index.php?rest_route=\/wp\/v2\/users\/1"}],"replies":[{"embeddable":true,"href":"https:\/\/www.adavaveiro.org\/index.php?rest_route=%2Fwp%2Fv2%2Fcomments&post=3212"}],"version-history":[{"count":1,"href":"https:\/\/www.adavaveiro.org\/index.php?rest_route=\/wp\/v2\/posts\/3212\/revisions"}],"predecessor-version":[{"id":3213,"href":"https:\/\/www.adavaveiro.org\/index.php?rest_route=\/wp\/v2\/posts\/3212\/revisions\/3213"}],"wp:attachment":[{"href":"https:\/\/www.adavaveiro.org\/index.php?rest_route=%2Fwp%2Fv2%2Fmedia&parent=3212"}],"wp:term":[{"taxonomy":"category","embeddable":true,"href":"https:\/\/www.adavaveiro.org\/index.php?rest_route=%2Fwp%2Fv2%2Fcategories&post=3212"},{"taxonomy":"post_tag","embeddable":true,"href":"https:\/\/www.adavaveiro.org\/index.php?rest_route=%2Fwp%2Fv2%2Ftags&post=3212"}],"curies":[{"name":"wp","href":"https:\/\/api.w.org\/{rel}","templated":true}]}}