{"id":3226,"date":"2014-10-01T08:43:22","date_gmt":"2014-10-01T08:43:22","guid":{"rendered":"http:\/\/www.adavaveiro.org\/?p=3226"},"modified":"2014-10-01T08:43:22","modified_gmt":"2014-10-01T08:43:22","slug":"papa-envia-mensagem-para-a-caminhada-pela-vida","status":"publish","type":"post","link":"https:\/\/www.adavaveiro.org\/?p=3226","title":{"rendered":"Papa envia mensagem para a Caminhada Pela Vida"},"content":{"rendered":"<div id=\"dateSignatureNoCaixaMultimedia\"><span style=\"color: #000000;\"><img loading=\"lazy\" decoding=\"async\" class=\"aligncenter size-thumbnail wp-image-3227\" src=\"http:\/\/www.adavaveiro.org\/wp-content\/uploads\/2014\/10\/papa-francesco_h_partb-260x155.jpg\" alt=\"papa-francesco_h_partb\" width=\"260\" height=\"155\" srcset=\"https:\/\/www.adavaveiro.org\/wp-content\/uploads\/2014\/10\/papa-francesco_h_partb-260x155.jpg 260w, https:\/\/www.adavaveiro.org\/wp-content\/uploads\/2014\/10\/papa-francesco_h_partb-300x179.jpg 300w, https:\/\/www.adavaveiro.org\/wp-content\/uploads\/2014\/10\/papa-francesco_h_partb.jpg 638w\" sizes=\"auto, (max-width: 260px) 100vw, 260px\" \/><\/span><\/div>\n<div><\/div>\n<h3><span style=\"color: #000000;\">Francisco agradece aos participantes o facto de estarem &#8220;a testemunhar a alegria do dom da vida e a beleza da fam\u00edlia&#8221;.<\/span><\/h3>\n<p><span style=\"color: #000000;\">O Papa Francisco enviou uma mensagem para os participantes da 5\u00aa Caminhada Pela Vida, que se realiza no s\u00e1bado, dia 4,\u00a0em Lisboa, saudando-os pelo seu esfor\u00e7o e agradecendo o facto de estarem, com esta ac\u00e7\u00e3o, \u201ca testemunhar a alegria do dom da vida e a beleza da fam\u00edlia\u201d. <\/span><\/p>\n<p><span style=\"color: #000000;\">No texto, Francisco lamenta a exist\u00eancia de \u201calgumas leis in\u00edquas que atacam vidas inocentes e destroem o lar assente no matrim\u00f3nio fiel e indissol\u00favel de um homem com uma mulher\u201d. <\/span><br \/>\n<span style=\"color: #000000;\">A mensagem, que ser\u00e1 lida na \u00edntegra no final da caminhada, diante da Assembleia da Rep\u00fablica, alude ao facto de leis como a que regula o aborto em Portugal atentarem contra o direito natural, sendo, por isso, injustas, e recorda que essa \u00e9 uma verdade que est\u00e1 ao alcance de todos. <\/span><br \/>\n<span style=\"color: #000000;\">\u201cDeus semeou no cora\u00e7\u00e3o do homem os valores morais fundamentais e, assim, a miss\u00e3o primeira que lhes cabe \u00e9 esclarecer as potencialidades j\u00e1 presentes na consci\u00eancia de cada pessoa, certos que tais potencialidades, com a ajuda da gra\u00e7a divina, podem atingir as dimens\u00f5es do hero\u00edsmo&#8221;, escreve Francisco. <\/span><br \/>\n<span style=\"color: #000000;\">A mensagem do Papa termina com uma b\u00ean\u00e7\u00e3o para todos os participantes: \u201cO Santo Padre manda dizer que os acompanha com o seu afecto e a sua ora\u00e7\u00e3o invocando, sobre os promotores, participantes e aderentes \u00e0 anunciada \u2018Caminhada Pela Vida\u2019, a benevol\u00eancia do Bom Deus, propiciadora da qual lhes envia a B\u00ean\u00e7\u00e3o Apost\u00f3lica, que estende de bom grado a todos os homens e mulheres de boa vontade, amantes da vida e defensores do bem comum\u201d. <\/span><br \/>\n<span style=\"color: #000000;\">A Caminhada Pela Vida tem por objectivo festejar o valor de toda a vida humana, desde a concep\u00e7\u00e3o at\u00e9 \u00e1 morte natural. Organizada pela Federa\u00e7\u00e3o Pela Vida, conta com a participa\u00e7\u00e3o de variados grupos que trabalham no terreno na defesa da vida, grupos de cidad\u00e3os que partilham os valores da caminhada e cidad\u00e3os comuns que defendem a inviolabilidade da vida humana. <\/span><br \/>\n<span style=\"color: #000000;\">Este ano, a caminhada arranca do Largo Cam\u00f5es, \u00e0s 15h e dirige-se at\u00e9 \u00e0 Assembleia da Rep\u00fablica, onde haver\u00e1 alguns curtos discursos e anima\u00e7\u00e3o musical.<\/span><\/p>\n<div><span style=\"color: #000000;\">http:\/\/rr.sapo.pt\/informacao_detalhe.aspx?fid=29&amp;did=163776<\/span><\/div>\n<div><span style=\"color: #000000;\">01-10-2014 7:00<\/span><\/div>\n","protected":false},"excerpt":{"rendered":"<p>Francisco agradece aos participantes o facto de estarem &#8220;a testemunhar a alegria do dom da vida e a beleza da fam\u00edlia&#8221;. O Papa Francisco enviou uma mensagem para os participantes da 5\u00aa Caminhada Pela Vida, que se realiza no s\u00e1bado, &hellip; <a href=\"https:\/\/www.adavaveiro.org\/?p=3226\">Continuar a ler <span class=\"meta-nav\">&rarr;<\/span><\/a><\/p>\n","protected":false},"author":1,"featured_media":0,"comment_status":"closed","ping_status":"closed","sticky":false,"template":"","format":"standard","meta":{"footnotes":""},"categories":[20],"tags":[],"class_list":["post-3226","post","type-post","status-publish","format-standard","hentry","category-informacao"],"_links":{"self":[{"href":"https:\/\/www.adavaveiro.org\/index.php?rest_route=\/wp\/v2\/posts\/3226","targetHints":{"allow":["GET"]}}],"collection":[{"href":"https:\/\/www.adavaveiro.org\/index.php?rest_route=\/wp\/v2\/posts"}],"about":[{"href":"https:\/\/www.adavaveiro.org\/index.php?rest_route=\/wp\/v2\/types\/post"}],"author":[{"embeddable":true,"href":"https:\/\/www.adavaveiro.org\/index.php?rest_route=\/wp\/v2\/users\/1"}],"replies":[{"embeddable":true,"href":"https:\/\/www.adavaveiro.org\/index.php?rest_route=%2Fwp%2Fv2%2Fcomments&post=3226"}],"version-history":[{"count":1,"href":"https:\/\/www.adavaveiro.org\/index.php?rest_route=\/wp\/v2\/posts\/3226\/revisions"}],"predecessor-version":[{"id":3228,"href":"https:\/\/www.adavaveiro.org\/index.php?rest_route=\/wp\/v2\/posts\/3226\/revisions\/3228"}],"wp:attachment":[{"href":"https:\/\/www.adavaveiro.org\/index.php?rest_route=%2Fwp%2Fv2%2Fmedia&parent=3226"}],"wp:term":[{"taxonomy":"category","embeddable":true,"href":"https:\/\/www.adavaveiro.org\/index.php?rest_route=%2Fwp%2Fv2%2Fcategories&post=3226"},{"taxonomy":"post_tag","embeddable":true,"href":"https:\/\/www.adavaveiro.org\/index.php?rest_route=%2Fwp%2Fv2%2Ftags&post=3226"}],"curies":[{"name":"wp","href":"https:\/\/api.w.org\/{rel}","templated":true}]}}