{"id":3231,"date":"2014-10-26T10:58:19","date_gmt":"2014-10-26T10:58:19","guid":{"rendered":"http:\/\/www.adavaveiro.org\/?p=3231"},"modified":"2014-12-05T17:40:43","modified_gmt":"2014-12-05T17:40:43","slug":"assembleia-geral-6","status":"publish","type":"post","link":"https:\/\/www.adavaveiro.org\/?p=3231","title":{"rendered":"Assembleia Geral"},"content":{"rendered":"<h3 style=\"text-align: center;\"><span style=\"color: #000000;\"><img loading=\"lazy\" decoding=\"async\" class=\"aligncenter size-thumbnail wp-image-748\" src=\"http:\/\/www.adavaveiro.org\/wp-content\/uploads\/Bebes1-260x199.jpg\" alt=\"Bebes1\" width=\"260\" height=\"199\" srcset=\"https:\/\/www.adavaveiro.org\/wp-content\/uploads\/Bebes1-260x199.jpg 260w, https:\/\/www.adavaveiro.org\/wp-content\/uploads\/Bebes1-300x229.jpg 300w, https:\/\/www.adavaveiro.org\/wp-content\/uploads\/Bebes1.jpg 320w\" sizes=\"auto, (max-width: 260px) 100vw, 260px\" \/><br \/>\n27 de outubro de 2014 | 21h<\/span><\/h3>\n<h3 style=\"text-align: center;\"><span style=\"color: #000000;\">ASSEMBLEIA GERAL<\/span><\/h3>\n<h3 style=\"text-align: center;\"><span style=\"color: #000000;\">LOCAL: sala do ISCRA &#8211; Semin\u00e1rio de Aveiro<\/span><\/h3>\n<h3 style=\"text-align: center;\"><span style=\"color: #000000;\">Contamos com a presen\u00e7a de todos os<br \/>\nS\u00d3CIOS e BENFEITORES!<\/span><\/h3>\n<p>&nbsp;<\/p>\n","protected":false},"excerpt":{"rendered":"<p>27 de outubro de 2014 | 21h ASSEMBLEIA GERAL LOCAL: sala do ISCRA &#8211; Semin\u00e1rio de Aveiro Contamos com a presen\u00e7a de todos os S\u00d3CIOS e BENFEITORES! &nbsp;<\/p>\n","protected":false},"author":1,"featured_media":0,"comment_status":"closed","ping_status":"closed","sticky":false,"template":"","format":"standard","meta":{"footnotes":""},"categories":[13],"tags":[],"class_list":["post-3231","post","type-post","status-publish","format-standard","hentry","category-colaborar"],"_links":{"self":[{"href":"https:\/\/www.adavaveiro.org\/index.php?rest_route=\/wp\/v2\/posts\/3231","targetHints":{"allow":["GET"]}}],"collection":[{"href":"https:\/\/www.adavaveiro.org\/index.php?rest_route=\/wp\/v2\/posts"}],"about":[{"href":"https:\/\/www.adavaveiro.org\/index.php?rest_route=\/wp\/v2\/types\/post"}],"author":[{"embeddable":true,"href":"https:\/\/www.adavaveiro.org\/index.php?rest_route=\/wp\/v2\/users\/1"}],"replies":[{"embeddable":true,"href":"https:\/\/www.adavaveiro.org\/index.php?rest_route=%2Fwp%2Fv2%2Fcomments&post=3231"}],"version-history":[{"count":2,"href":"https:\/\/www.adavaveiro.org\/index.php?rest_route=\/wp\/v2\/posts\/3231\/revisions"}],"predecessor-version":[{"id":3233,"href":"https:\/\/www.adavaveiro.org\/index.php?rest_route=\/wp\/v2\/posts\/3231\/revisions\/3233"}],"wp:attachment":[{"href":"https:\/\/www.adavaveiro.org\/index.php?rest_route=%2Fwp%2Fv2%2Fmedia&parent=3231"}],"wp:term":[{"taxonomy":"category","embeddable":true,"href":"https:\/\/www.adavaveiro.org\/index.php?rest_route=%2Fwp%2Fv2%2Fcategories&post=3231"},{"taxonomy":"post_tag","embeddable":true,"href":"https:\/\/www.adavaveiro.org\/index.php?rest_route=%2Fwp%2Fv2%2Ftags&post=3231"}],"curies":[{"name":"wp","href":"https:\/\/api.w.org\/{rel}","templated":true}]}}