{"id":3235,"date":"2014-12-05T17:38:57","date_gmt":"2014-12-05T17:38:57","guid":{"rendered":"http:\/\/www.adavaveiro.org\/?p=3235"},"modified":"2014-12-16T13:54:46","modified_gmt":"2014-12-16T13:54:46","slug":"dia-do-voluntariado","status":"publish","type":"post","link":"https:\/\/www.adavaveiro.org\/?p=3235","title":{"rendered":"DIA DO VOLUNTARIADO"},"content":{"rendered":"<h3 style=\"text-align: center;\"><img loading=\"lazy\" decoding=\"async\" class=\"aligncenter size-thumbnail wp-image-3236\" src=\"http:\/\/www.adavaveiro.org\/wp-content\/uploads\/2014\/12\/voluntariado-260x159.jpg\" alt=\"voluntariado\" width=\"260\" height=\"159\" srcset=\"https:\/\/www.adavaveiro.org\/wp-content\/uploads\/2014\/12\/voluntariado-260x159.jpg 260w, https:\/\/www.adavaveiro.org\/wp-content\/uploads\/2014\/12\/voluntariado-300x183.jpg 300w, https:\/\/www.adavaveiro.org\/wp-content\/uploads\/2014\/12\/voluntariado.jpg 400w\" sizes=\"auto, (max-width: 260px) 100vw, 260px\" \/><span style=\"color: #003300;\">5 de dezembro &#8211; dia internacional dos volunt\u00e1rios <\/span><\/h3>\n<h3 style=\"text-align: center;\"><span style=\"color: #003300;\">A todos os volunt\u00e1rios que abra\u00e7am a causa da VIDA na ADAV AVEIRO o nosso muito obrigada!!!<\/span><\/h3>\n","protected":false},"excerpt":{"rendered":"<p>5 de dezembro &#8211; dia internacional dos volunt\u00e1rios A todos os volunt\u00e1rios que abra\u00e7am a causa da VIDA na ADAV AVEIRO o nosso muito obrigada!!!<\/p>\n","protected":false},"author":1,"featured_media":0,"comment_status":"closed","ping_status":"closed","sticky":false,"template":"","format":"standard","meta":{"footnotes":""},"categories":[13,8],"tags":[],"class_list":["post-3235","post","type-post","status-publish","format-standard","hentry","category-colaborar","category-comemoracao"],"_links":{"self":[{"href":"https:\/\/www.adavaveiro.org\/index.php?rest_route=\/wp\/v2\/posts\/3235","targetHints":{"allow":["GET"]}}],"collection":[{"href":"https:\/\/www.adavaveiro.org\/index.php?rest_route=\/wp\/v2\/posts"}],"about":[{"href":"https:\/\/www.adavaveiro.org\/index.php?rest_route=\/wp\/v2\/types\/post"}],"author":[{"embeddable":true,"href":"https:\/\/www.adavaveiro.org\/index.php?rest_route=\/wp\/v2\/users\/1"}],"replies":[{"embeddable":true,"href":"https:\/\/www.adavaveiro.org\/index.php?rest_route=%2Fwp%2Fv2%2Fcomments&post=3235"}],"version-history":[{"count":1,"href":"https:\/\/www.adavaveiro.org\/index.php?rest_route=\/wp\/v2\/posts\/3235\/revisions"}],"predecessor-version":[{"id":3237,"href":"https:\/\/www.adavaveiro.org\/index.php?rest_route=\/wp\/v2\/posts\/3235\/revisions\/3237"}],"wp:attachment":[{"href":"https:\/\/www.adavaveiro.org\/index.php?rest_route=%2Fwp%2Fv2%2Fmedia&parent=3235"}],"wp:term":[{"taxonomy":"category","embeddable":true,"href":"https:\/\/www.adavaveiro.org\/index.php?rest_route=%2Fwp%2Fv2%2Fcategories&post=3235"},{"taxonomy":"post_tag","embeddable":true,"href":"https:\/\/www.adavaveiro.org\/index.php?rest_route=%2Fwp%2Fv2%2Ftags&post=3235"}],"curies":[{"name":"wp","href":"https:\/\/api.w.org\/{rel}","templated":true}]}}