{"id":3239,"date":"2014-12-16T13:53:39","date_gmt":"2014-12-16T13:53:39","guid":{"rendered":"http:\/\/www.adavaveiro.org\/?p=3239"},"modified":"2015-01-11T11:15:42","modified_gmt":"2015-01-11T11:15:42","slug":"natal-e-ano-novo","status":"publish","type":"post","link":"https:\/\/www.adavaveiro.org\/?p=3239","title":{"rendered":"NATAL e ANO NOVO"},"content":{"rendered":"<h3><img loading=\"lazy\" decoding=\"async\" class=\"aligncenter size-thumbnail wp-image-3139\" src=\"http:\/\/www.adavaveiro.org\/wp-content\/uploads\/2013\/12\/Natal-260x173.jpg\" alt=\"Natal\" width=\"260\" height=\"173\" srcset=\"https:\/\/www.adavaveiro.org\/wp-content\/uploads\/2013\/12\/Natal-260x173.jpg 260w, https:\/\/www.adavaveiro.org\/wp-content\/uploads\/2013\/12\/Natal-300x199.jpg 300w, https:\/\/www.adavaveiro.org\/wp-content\/uploads\/2013\/12\/Natal.jpg 736w\" sizes=\"auto, (max-width: 260px) 100vw, 260px\" \/><\/h3>\n<h3 style=\"text-align: center;\"><span style=\"color: #003300;\">A ADAV Aveiro deseja a todos um Santo Natal<br \/>\ne um Feliz ANO 2015.<\/span><\/h3>\n<h3 style=\"text-align: center;\"><span style=\"color: #003300;\">Informa-se que a sede estar\u00e1 fechada entre<br \/>\n22 de dezembro e 10 de janeiro 2015.<br \/>\n<\/span><\/h3>\n<h3 style=\"text-align: center;\"><span style=\"color: #003300;\">Para qualquer urg\u00eancia, \u00e9 favor ligar o n.\u00ba 234 42 40 40 OU enviar email para <a style=\"color: #003300;\" href=\"mailto:adavaveiro@hotmail.com\">adavaveiro@hotmail.com<\/a><\/span><\/h3>\n","protected":false},"excerpt":{"rendered":"<p>A ADAV Aveiro deseja a todos um Santo Natal e um Feliz ANO 2015. Informa-se que a sede estar\u00e1 fechada entre 22 de dezembro e 10 de janeiro 2015. Para qualquer urg\u00eancia, \u00e9 favor ligar o n.\u00ba 234 42 40 &hellip; <a href=\"https:\/\/www.adavaveiro.org\/?p=3239\">Continuar a ler <span class=\"meta-nav\">&rarr;<\/span><\/a><\/p>\n","protected":false},"author":1,"featured_media":0,"comment_status":"closed","ping_status":"closed","sticky":false,"template":"","format":"standard","meta":{"footnotes":""},"categories":[20],"tags":[],"class_list":["post-3239","post","type-post","status-publish","format-standard","hentry","category-informacao"],"_links":{"self":[{"href":"https:\/\/www.adavaveiro.org\/index.php?rest_route=\/wp\/v2\/posts\/3239","targetHints":{"allow":["GET"]}}],"collection":[{"href":"https:\/\/www.adavaveiro.org\/index.php?rest_route=\/wp\/v2\/posts"}],"about":[{"href":"https:\/\/www.adavaveiro.org\/index.php?rest_route=\/wp\/v2\/types\/post"}],"author":[{"embeddable":true,"href":"https:\/\/www.adavaveiro.org\/index.php?rest_route=\/wp\/v2\/users\/1"}],"replies":[{"embeddable":true,"href":"https:\/\/www.adavaveiro.org\/index.php?rest_route=%2Fwp%2Fv2%2Fcomments&post=3239"}],"version-history":[{"count":2,"href":"https:\/\/www.adavaveiro.org\/index.php?rest_route=\/wp\/v2\/posts\/3239\/revisions"}],"predecessor-version":[{"id":3241,"href":"https:\/\/www.adavaveiro.org\/index.php?rest_route=\/wp\/v2\/posts\/3239\/revisions\/3241"}],"wp:attachment":[{"href":"https:\/\/www.adavaveiro.org\/index.php?rest_route=%2Fwp%2Fv2%2Fmedia&parent=3239"}],"wp:term":[{"taxonomy":"category","embeddable":true,"href":"https:\/\/www.adavaveiro.org\/index.php?rest_route=%2Fwp%2Fv2%2Fcategories&post=3239"},{"taxonomy":"post_tag","embeddable":true,"href":"https:\/\/www.adavaveiro.org\/index.php?rest_route=%2Fwp%2Fv2%2Ftags&post=3239"}],"curies":[{"name":"wp","href":"https:\/\/api.w.org\/{rel}","templated":true}]}}