{"id":3243,"date":"2014-12-28T15:35:32","date_gmt":"2014-12-28T15:35:32","guid":{"rendered":"http:\/\/www.adavaveiro.org\/?p=3243"},"modified":"2015-07-25T14:57:32","modified_gmt":"2015-07-25T14:57:32","slug":"concerto-solidario-de-reis-2","status":"publish","type":"post","link":"https:\/\/www.adavaveiro.org\/?p=3243","title":{"rendered":"concerto solid\u00e1rio de Reis"},"content":{"rendered":"<h4 style=\"text-align: center;\"><span style=\"color: #000000;\">Dia 11 de janeiro, pelas 16horas, teremos o nosso Concerto Solid\u00e1rio de Reis, na S\u00e9 de Aveiro.<br \/>\n<\/span><\/h4>\n<p style=\"text-align: center;\"><span style=\"color: #000000;\">Concerto de \u00f3rg\u00e3o por Leonardo Mo\u00e7o da EDMUSA (Escola Diocesana de M\u00fasica Sacra de Aveiro)<br \/>\n<\/span><\/p>\n<p style=\"text-align: center;\"><span style=\"color: #000000;\"><img loading=\"lazy\" decoding=\"async\" class=\"aligncenter size-thumbnail wp-image-3147\" src=\"http:\/\/www.adavaveiro.org\/wp-content\/uploads\/2014\/01\/concerto_Reis_Se_Adav_AVEIRO-173x260.jpg\" alt=\"concerto_Reis_Se_Adav_AVEIRO\" width=\"173\" height=\"260\" srcset=\"https:\/\/www.adavaveiro.org\/wp-content\/uploads\/2014\/01\/concerto_Reis_Se_Adav_AVEIRO-173x260.jpg 173w, https:\/\/www.adavaveiro.org\/wp-content\/uploads\/2014\/01\/concerto_Reis_Se_Adav_AVEIRO-200x300.jpg 200w, https:\/\/www.adavaveiro.org\/wp-content\/uploads\/2014\/01\/concerto_Reis_Se_Adav_AVEIRO.jpg 519w\" sizes=\"auto, (max-width: 173px) 100vw, 173px\" \/><\/span><span style=\"color: #000000;\"><br \/>\nAparece e partilha com as fam\u00edlias que a ADAV Aveiro apoia um bem de primeira necessidade para os beb\u00e9s: fraldas, leite at\u00e9 12 meses, papas, leite UHT, tudo ser\u00e1 bem vindo!<\/span><\/p>\n","protected":false},"excerpt":{"rendered":"<p>Dia 11 de janeiro, pelas 16horas, teremos o nosso Concerto Solid\u00e1rio de Reis, na S\u00e9 de Aveiro. Concerto de \u00f3rg\u00e3o por Leonardo Mo\u00e7o da EDMUSA (Escola Diocesana de M\u00fasica Sacra de Aveiro) Aparece e partilha com as fam\u00edlias que a &hellip; <a href=\"https:\/\/www.adavaveiro.org\/?p=3243\">Continuar a ler <span class=\"meta-nav\">&rarr;<\/span><\/a><\/p>\n","protected":false},"author":1,"featured_media":0,"comment_status":"closed","ping_status":"closed","sticky":false,"template":"","format":"standard","meta":{"footnotes":""},"categories":[13],"tags":[],"class_list":["post-3243","post","type-post","status-publish","format-standard","hentry","category-colaborar"],"_links":{"self":[{"href":"https:\/\/www.adavaveiro.org\/index.php?rest_route=\/wp\/v2\/posts\/3243","targetHints":{"allow":["GET"]}}],"collection":[{"href":"https:\/\/www.adavaveiro.org\/index.php?rest_route=\/wp\/v2\/posts"}],"about":[{"href":"https:\/\/www.adavaveiro.org\/index.php?rest_route=\/wp\/v2\/types\/post"}],"author":[{"embeddable":true,"href":"https:\/\/www.adavaveiro.org\/index.php?rest_route=\/wp\/v2\/users\/1"}],"replies":[{"embeddable":true,"href":"https:\/\/www.adavaveiro.org\/index.php?rest_route=%2Fwp%2Fv2%2Fcomments&post=3243"}],"version-history":[{"count":1,"href":"https:\/\/www.adavaveiro.org\/index.php?rest_route=\/wp\/v2\/posts\/3243\/revisions"}],"predecessor-version":[{"id":3244,"href":"https:\/\/www.adavaveiro.org\/index.php?rest_route=\/wp\/v2\/posts\/3243\/revisions\/3244"}],"wp:attachment":[{"href":"https:\/\/www.adavaveiro.org\/index.php?rest_route=%2Fwp%2Fv2%2Fmedia&parent=3243"}],"wp:term":[{"taxonomy":"category","embeddable":true,"href":"https:\/\/www.adavaveiro.org\/index.php?rest_route=%2Fwp%2Fv2%2Fcategories&post=3243"},{"taxonomy":"post_tag","embeddable":true,"href":"https:\/\/www.adavaveiro.org\/index.php?rest_route=%2Fwp%2Fv2%2Ftags&post=3243"}],"curies":[{"name":"wp","href":"https:\/\/api.w.org\/{rel}","templated":true}]}}