{"id":3245,"date":"2015-01-04T15:36:44","date_gmt":"2015-01-04T15:36:44","guid":{"rendered":"http:\/\/www.adavaveiro.org\/?p=3245"},"modified":"2015-01-11T20:49:22","modified_gmt":"2015-01-11T20:49:22","slug":"concerto-de-reis-11-de-janeiro","status":"publish","type":"post","link":"https:\/\/www.adavaveiro.org\/?p=3245","title":{"rendered":"Concerto de Reis &#8211; 11 de janeiro"},"content":{"rendered":"<p><img loading=\"lazy\" decoding=\"async\" class=\"aligncenter size-thumbnail wp-image-3246\" src=\"http:\/\/www.adavaveiro.org\/wp-content\/uploads\/2015\/01\/cartaz_REIS_Adav_2015-260x176.png\" alt=\"cartaz_REIS_Adav_2015\" width=\"260\" height=\"176\" srcset=\"https:\/\/www.adavaveiro.org\/wp-content\/uploads\/2015\/01\/cartaz_REIS_Adav_2015-260x176.png 260w, https:\/\/www.adavaveiro.org\/wp-content\/uploads\/2015\/01\/cartaz_REIS_Adav_2015-300x204.png 300w, https:\/\/www.adavaveiro.org\/wp-content\/uploads\/2015\/01\/cartaz_REIS_Adav_2015.png 917w\" sizes=\"auto, (max-width: 260px) 100vw, 260px\" \/><\/p>\n<h4 style=\"text-align: center;\"><span style=\"color: #800000;\">Em parceria com a EDMUSA, a ADAV Aveiro promove mais uma vez o Concerto Solid\u00e1rio de Reis. <\/span><br \/>\n<span style=\"color: #800000;\"> Dia 11 de janeiro &#8211; S\u00e9 de Aveiro,16h. <\/span><br \/>\n<span style=\"color: #800000;\"> Leonardo Mo\u00e7o tocar\u00e1 pe\u00e7as de J. S. Bach (1685-1750), Fran\u00e7ois Couperin (1668-1733), Louis-Claude Daquin (1694-1772) e de Louis Vierne (1870-1937). <\/span><br \/>\n<span style=\"color: #800000;\"> O Concerto \u00e9 gratuito, mas contamos com a generosidade de todos os que puderem levar bens essenciais para beb\u00e9s: papas, leites e fraldas.<\/span><br \/>\n<span style=\"color: #800000;\"> Agradecemos a vossa presen\u00e7a e divulga\u00e7\u00e3o do evento junto dos <span class=\"text_exposed_show\">vossos amigos.<br \/>\nBem-hajam!<\/span><\/span><\/h4>\n","protected":false},"excerpt":{"rendered":"<p>Em parceria com a EDMUSA, a ADAV Aveiro promove mais uma vez o Concerto Solid\u00e1rio de Reis. Dia 11 de janeiro &#8211; S\u00e9 de Aveiro,16h. Leonardo Mo\u00e7o tocar\u00e1 pe\u00e7as de J. S. Bach (1685-1750), Fran\u00e7ois Couperin (1668-1733), Louis-Claude Daquin (1694-1772) &hellip; <a href=\"https:\/\/www.adavaveiro.org\/?p=3245\">Continuar a ler <span class=\"meta-nav\">&rarr;<\/span><\/a><\/p>\n","protected":false},"author":1,"featured_media":0,"comment_status":"closed","ping_status":"closed","sticky":false,"template":"","format":"standard","meta":{"footnotes":""},"categories":[13,8],"tags":[],"class_list":["post-3245","post","type-post","status-publish","format-standard","hentry","category-colaborar","category-comemoracao"],"_links":{"self":[{"href":"https:\/\/www.adavaveiro.org\/index.php?rest_route=\/wp\/v2\/posts\/3245","targetHints":{"allow":["GET"]}}],"collection":[{"href":"https:\/\/www.adavaveiro.org\/index.php?rest_route=\/wp\/v2\/posts"}],"about":[{"href":"https:\/\/www.adavaveiro.org\/index.php?rest_route=\/wp\/v2\/types\/post"}],"author":[{"embeddable":true,"href":"https:\/\/www.adavaveiro.org\/index.php?rest_route=\/wp\/v2\/users\/1"}],"replies":[{"embeddable":true,"href":"https:\/\/www.adavaveiro.org\/index.php?rest_route=%2Fwp%2Fv2%2Fcomments&post=3245"}],"version-history":[{"count":1,"href":"https:\/\/www.adavaveiro.org\/index.php?rest_route=\/wp\/v2\/posts\/3245\/revisions"}],"predecessor-version":[{"id":3247,"href":"https:\/\/www.adavaveiro.org\/index.php?rest_route=\/wp\/v2\/posts\/3245\/revisions\/3247"}],"wp:attachment":[{"href":"https:\/\/www.adavaveiro.org\/index.php?rest_route=%2Fwp%2Fv2%2Fmedia&parent=3245"}],"wp:term":[{"taxonomy":"category","embeddable":true,"href":"https:\/\/www.adavaveiro.org\/index.php?rest_route=%2Fwp%2Fv2%2Fcategories&post=3245"},{"taxonomy":"post_tag","embeddable":true,"href":"https:\/\/www.adavaveiro.org\/index.php?rest_route=%2Fwp%2Fv2%2Ftags&post=3245"}],"curies":[{"name":"wp","href":"https:\/\/api.w.org\/{rel}","templated":true}]}}