{"id":3270,"date":"2015-06-29T13:02:01","date_gmt":"2015-06-29T13:02:01","guid":{"rendered":"http:\/\/www.adavaveiro.org\/?p=3270"},"modified":"2015-07-25T14:57:12","modified_gmt":"2015-07-25T14:57:12","slug":"3270","status":"publish","type":"post","link":"https:\/\/www.adavaveiro.org\/?p=3270","title":{"rendered":""},"content":{"rendered":"<p><img loading=\"lazy\" decoding=\"async\" class=\"aligncenter size-thumbnail wp-image-3271\" src=\"http:\/\/www.adavaveiro.org\/wp-content\/uploads\/2015\/06\/caminhada-pela-vida-260x260.jpg\" alt=\"caminhada pela vida\" width=\"260\" height=\"260\" srcset=\"https:\/\/www.adavaveiro.org\/wp-content\/uploads\/2015\/06\/caminhada-pela-vida-260x260.jpg 260w, https:\/\/www.adavaveiro.org\/wp-content\/uploads\/2015\/06\/caminhada-pela-vida-300x300.jpg 300w, https:\/\/www.adavaveiro.org\/wp-content\/uploads\/2015\/06\/caminhada-pela-vida.jpg 320w\" sizes=\"auto, (max-width: 260px) 100vw, 260px\" \/><\/p>\n<p>Parecer da Associa\u00e7\u00e3o de Juristas Cat\u00f3licos sobre a ILC &#8220;Pelo Direito a Nascer&#8221;<\/p>\n<p>No entender da Associa\u00e7\u00e3o dos Juristas Cat\u00f3licas, a iniciativa legislativa caracteriza-se, sobretudo, pelo seu car\u00e1cter positivo e agregador, desde logo no leque de medidas positivas de apoio \u00e0 maternidade e paternidade que todas as pessoas de boa vontade podem partilhar: a atribui\u00e7\u00e3o de licen\u00e7as de maternidade e paternidade a profissionais estagi\u00e1rios e a traba<span class=\"text_exposed_show\">lhadores independentes, a promo\u00e7\u00e3o do apoio \u00e0 gr\u00e1vida pelo pai e a remo\u00e7\u00e3o de obst\u00e1culos \u00e0 assun\u00e7\u00e3o da gravidez (designadamente quando esses obst\u00e1culos resultem de viola\u00e7\u00f5es de direitos fundamentais e laborais). Pretende, tamb\u00e9m, o reconhecimento do direito a nascer e do nascituro como membro do agregado<br \/>\nfamiliar (designadamente para efeitos fiscais). <\/span><\/p>\n","protected":false},"excerpt":{"rendered":"<p>Parecer da Associa\u00e7\u00e3o de Juristas Cat\u00f3licos sobre a ILC &#8220;Pelo Direito a Nascer&#8221; No entender da Associa\u00e7\u00e3o dos Juristas Cat\u00f3licas, a iniciativa legislativa caracteriza-se, sobretudo, pelo seu car\u00e1cter positivo e agregador, desde logo no leque de medidas positivas de apoio &hellip; <a href=\"https:\/\/www.adavaveiro.org\/?p=3270\">Continuar a ler <span class=\"meta-nav\">&rarr;<\/span><\/a><\/p>\n","protected":false},"author":1,"featured_media":0,"comment_status":"closed","ping_status":"closed","sticky":false,"template":"","format":"standard","meta":{"footnotes":""},"categories":[20],"tags":[],"class_list":["post-3270","post","type-post","status-publish","format-standard","hentry","category-informacao"],"_links":{"self":[{"href":"https:\/\/www.adavaveiro.org\/index.php?rest_route=\/wp\/v2\/posts\/3270","targetHints":{"allow":["GET"]}}],"collection":[{"href":"https:\/\/www.adavaveiro.org\/index.php?rest_route=\/wp\/v2\/posts"}],"about":[{"href":"https:\/\/www.adavaveiro.org\/index.php?rest_route=\/wp\/v2\/types\/post"}],"author":[{"embeddable":true,"href":"https:\/\/www.adavaveiro.org\/index.php?rest_route=\/wp\/v2\/users\/1"}],"replies":[{"embeddable":true,"href":"https:\/\/www.adavaveiro.org\/index.php?rest_route=%2Fwp%2Fv2%2Fcomments&post=3270"}],"version-history":[{"count":1,"href":"https:\/\/www.adavaveiro.org\/index.php?rest_route=\/wp\/v2\/posts\/3270\/revisions"}],"predecessor-version":[{"id":3272,"href":"https:\/\/www.adavaveiro.org\/index.php?rest_route=\/wp\/v2\/posts\/3270\/revisions\/3272"}],"wp:attachment":[{"href":"https:\/\/www.adavaveiro.org\/index.php?rest_route=%2Fwp%2Fv2%2Fmedia&parent=3270"}],"wp:term":[{"taxonomy":"category","embeddable":true,"href":"https:\/\/www.adavaveiro.org\/index.php?rest_route=%2Fwp%2Fv2%2Fcategories&post=3270"},{"taxonomy":"post_tag","embeddable":true,"href":"https:\/\/www.adavaveiro.org\/index.php?rest_route=%2Fwp%2Fv2%2Ftags&post=3270"}],"curies":[{"name":"wp","href":"https:\/\/api.w.org\/{rel}","templated":true}]}}